{"id":51250,"date":"2022-09-29T10:31:04","date_gmt":"2022-09-29T10:31:04","guid":{"rendered":"https:\/\/www.lab.eus\/?p=51250"},"modified":"2022-09-29T10:34:24","modified_gmt":"2022-09-29T10:34:24","slug":"defenderemos-en-los-tribunales-los-puestos-de-trabajo-de-la-empresa-gas-to-move","status":"publish","type":"post","link":"https:\/\/www.lab.eus\/es\/defenderemos-en-los-tribunales-los-puestos-de-trabajo-de-la-empresa-gas-to-move\/","title":{"rendered":"Defenderemos en los tribunales los puestos de trabajo de la empresa Gas To Move"},"content":{"rendered":"\n<p>En aplicaci\u00f3n de un ERE de extinci\u00f3n, el d\u00eda 30 de septiembre la empresa de transporte Gas To Move proceder\u00e1 al despido de toda la plantilla que tiene en su delegaci\u00f3n de Gasteiz.<\/p>\n\n\n\n<p>La plantilla de Gas To Move en Araba lleva meses reivindicando que la empresa aplique el Convenio de Transporte de Araba, en lugar del Convenio Estatal de Mensajer\u00edas, que es el que se aplica de forma incorrecta.<\/p>\n\n\n\n<p>Ante la presentaci\u00f3n por parte del sindicato LAB de un Conflicto Colectivo exigiendo la aplicaci\u00f3n del Convenio de Transporte de Araba, la respuesta de la empresa ha sido la presentaci\u00f3n de un ERE de extinci\u00f3n para toda la plantilla de Gasteiz, aduciendo que Fedex ha roto el contrato que tenia con esta empresa en Araba.<\/p>\n\n\n\n<p>Durante estas ultimas semanas, se han llevado a cabo paros, concentraciones y huelgas con el fin de presionar a la empresa para que retirase el ERE y buscar un acuerdo con el fin de mantener los puestos de trabajo, siendo la respuesta de la empresa una constante negativa a buscar formulas alternativas al ERE de extinci\u00f3n.<\/p>\n\n\n\n<p>La dignidad y la coherencia demostrada por la plantilla de Gas To Move en defensa de sus puestos de trabajo no termina aqu\u00ed, ya que seguiremos defendiendo en los tribunales el mantenimiento de dichos puestos de trabajo.<\/p>\n","protected":false},"excerpt":{"rendered":"<p>En aplicaci\u00f3n de un ERE de extinci\u00f3n, el d\u00eda 30 de septiembre, la empresa de transporte proceder\u00e1 al despido de toda la plantilla que tiene en su delegaci\u00f3n de Gasteiz.<\/p>\n","protected":false},"author":1189,"featured_media":51248,"comment_status":"closed","ping_status":"closed","sticky":false,"template":"","format":"standard","meta":{"_monsterinsights_skip_tracking":false,"_monsterinsights_sitenote_active":false,"_monsterinsights_sitenote_note":"","_monsterinsights_sitenote_category":0,"footnotes":"","_links_to":"","_links_to_target":""},"categories":[18,8,2958],"tags":[3033,3178],"class_list":{"0":"post-51250","1":"post","2":"type-post","3":"status-publish","4":"format-standard","5":"has-post-thumbnail","7":"category-es-accion-sindical","8":"category-es-servicios-privados","9":"category-transporte-de-mercancias","10":"tag-accion-sindical-es","11":"tag-destacado-1"},"_links":{"self":[{"href":"https:\/\/www.lab.eus\/es\/wp-json\/wp\/v2\/posts\/51250","targetHints":{"allow":["GET"]}}],"collection":[{"href":"https:\/\/www.lab.eus\/es\/wp-json\/wp\/v2\/posts"}],"about":[{"href":"https:\/\/www.lab.eus\/es\/wp-json\/wp\/v2\/types\/post"}],"author":[{"embeddable":true,"href":"https:\/\/www.lab.eus\/es\/wp-json\/wp\/v2\/users\/1189"}],"replies":[{"embeddable":true,"href":"https:\/\/www.lab.eus\/es\/wp-json\/wp\/v2\/comments?post=51250"}],"version-history":[{"count":0,"href":"https:\/\/www.lab.eus\/es\/wp-json\/wp\/v2\/posts\/51250\/revisions"}],"wp:featuredmedia":[{"embeddable":true,"href":"https:\/\/www.lab.eus\/es\/wp-json\/wp\/v2\/media\/51248"}],"wp:attachment":[{"href":"https:\/\/www.lab.eus\/es\/wp-json\/wp\/v2\/media?parent=51250"}],"wp:term":[{"taxonomy":"category","embeddable":true,"href":"https:\/\/www.lab.eus\/es\/wp-json\/wp\/v2\/categories?post=51250"},{"taxonomy":"post_tag","embeddable":true,"href":"https:\/\/www.lab.eus\/es\/wp-json\/wp\/v2\/tags?post=51250"}],"curies":[{"name":"wp","href":"https:\/\/api.w.org\/{rel}","templated":true}]}}