{"id":51232,"date":"2022-09-29T09:03:41","date_gmt":"2022-09-29T09:03:41","guid":{"rendered":"https:\/\/www.lab.eus\/?p=51232"},"modified":"2022-09-29T09:03:42","modified_gmt":"2022-09-29T09:03:42","slug":"la-plantilla-de-teleasistencia-beti-on-del-gobierno-vasco-convoca-otros-dos-meses-de-huelga-en-octubre-y-noviembre","status":"publish","type":"post","link":"https:\/\/www.lab.eus\/es\/la-plantilla-de-teleasistencia-beti-on-del-gobierno-vasco-convoca-otros-dos-meses-de-huelga-en-octubre-y-noviembre\/","title":{"rendered":"La plantilla de teleasistencia Beti On del Gobierno Vasco convoca otros dos meses de huelga en octubre y noviembre"},"content":{"rendered":"\n<p>Comunicado de las y los trabajadores con motivo de la comparecencia de hoy:<\/p>\n\n\n\n<p>Somos las y los trabajadoras del servicio p\u00fablico de teleasistencia BETI ON, que a d\u00eda de hoy ofrecemos asistencia a unas 65.000 personas usuarias y que llevamos m\u00e1s de 140 dias de huelga ante la negativa de sentarse a negociar por parte de la empresa adjuducataria del servicio, UTE Tunstall Televida-GSR-Grupo Igualmequisa.<\/p>\n\n\n\n<p><strong>La mayoria del Comite de empresa conformada por LAB y ELA quiere trasladar a la sociedad lo siguiente:<\/strong><\/p>\n\n\n\n<p>Que en la asamblea celebrada el pasado lunes 19 de septiembre, la plantilla, tras hacer una valoraci\u00f3n muy positiva del seguimiento de las m\u00e1s de 130 jornadas de huelga precedentes, ha decidido convocar otros dos meses m\u00e1s. Es decir, hemos registrado huelga para los meses de octubre y noviembre.<\/p>\n\n\n\n<p>Que denunciamos el inmovilismo de la UTE Tunstall Televida-GSR-Grupo Igualmequisa. La cual se niega a negociar cualquier tipo de acuerdo y a la que le hemos presentado un calendario de reuniones del cual no hemos obtenido respuesta. Lo que demuestra la nula voluntad negociadora de la empresa. Porque por una parte, se niega a facilitarnos los datos economicos que expliquen la situacion economica que dicen tener ,y que nosotras sabemos que esos datos dejar\u00edan al descubierto los altos beneficios que obtienen. Y por otra parte, se excusan en que la situacion de suspension del concurso, situacion que ellos mismos han creado ,y que mienten al decir que les inhabilita para llegar a un acuerdo. Ya que les hemos ofrecido una alternativa y la han rechazado.<\/p>\n\n\n\n<p>Que el impacto de la huelga est\u00e1 teniendo consecuencias, como por ejemplo las cerca de 5.000 personas que no pueden acceder al servicio, lo que engorda aun m\u00e1s la lista de espera para darse de alta en el servicio a las y los ciudadanos de la CAV.<\/p>\n\n\n\n<p>Que el Gobierno vasco es el titular de este servicio p\u00fablico y nos preguntamos d\u00f3nde est\u00e1 el responsable de dar este servicio esencial a la sociedad y mas concretamente a un sector tan vulnerable como al que ofrecemos nuestro trabajo. Por lo que le recordamos a la Consejera Beatriz Artolazabal que ni ella ni ninguna otra persona de su departamento se ha dirigido a nosotras. No recibiendonos desde que hemos comenzado con las huelgas.<\/p>\n\n\n\n<p>Que se\u00f1alamos directamente al Gobierno Vasco como responsable de la dura situaci\u00f3n que vivimos y de la repercusi\u00f3n que tiene este conflicto en el servicio esencial del que es responsable.<\/p>\n\n\n\n<p>Que la situacion de suspenso del concurso, interpela directamente al Gobierno Vasco ya que es el responsable ante la sociedad del servicio y que a partir del 30 de septiembre este servicio se encuenta sin adjudicatario. Por lo que el Gobierno Vasco no se puede esconder.<\/p>\n\n\n\n<p>Para terminar volvemos a anunciar que hemos convocado dos meses mas de huelga en los que abriremos una ciclo de movilizaciones mas intensas. Y que hacemos responsable de esta grave situacion a la empresa y el Gobierno Vasco.<\/p>\n\n\n\n<p>Ademas queremos trasladar a la sociedad nuestra determinacion para conseguir que se reconozcan nuestros derechos.<\/p>\n","protected":false},"excerpt":{"rendered":"<p>Abriremos un ciclo de movilizaciones mas intenso. Hacemos responsable de la grave situacion a la empresa y al Gobierno Vasco.<\/p>\n","protected":false},"author":1189,"featured_media":51231,"comment_status":"closed","ping_status":"closed","sticky":false,"template":"","format":"standard","meta":{"_monsterinsights_skip_tracking":false,"_monsterinsights_sitenote_active":false,"_monsterinsights_sitenote_note":"","_monsterinsights_sitenote_category":0,"footnotes":"","_links_to":"","_links_to_target":""},"categories":[18,3000,6,3283],"tags":[3178,3217,3171],"class_list":{"0":"post-51232","1":"post","2":"type-post","3":"status-publish","4":"format-standard","5":"has-post-thumbnail","7":"category-es-accion-sindical","8":"category-servicio-sociocomunitario","9":"category-es-servicios-publicos","10":"category-sin-categorizar","11":"tag-destacado-1","12":"tag-servicios-sociocomunitarios","13":"tag-servicios-publicos-es"},"_links":{"self":[{"href":"https:\/\/www.lab.eus\/es\/wp-json\/wp\/v2\/posts\/51232","targetHints":{"allow":["GET"]}}],"collection":[{"href":"https:\/\/www.lab.eus\/es\/wp-json\/wp\/v2\/posts"}],"about":[{"href":"https:\/\/www.lab.eus\/es\/wp-json\/wp\/v2\/types\/post"}],"author":[{"embeddable":true,"href":"https:\/\/www.lab.eus\/es\/wp-json\/wp\/v2\/users\/1189"}],"replies":[{"embeddable":true,"href":"https:\/\/www.lab.eus\/es\/wp-json\/wp\/v2\/comments?post=51232"}],"version-history":[{"count":0,"href":"https:\/\/www.lab.eus\/es\/wp-json\/wp\/v2\/posts\/51232\/revisions"}],"wp:featuredmedia":[{"embeddable":true,"href":"https:\/\/www.lab.eus\/es\/wp-json\/wp\/v2\/media\/51231"}],"wp:attachment":[{"href":"https:\/\/www.lab.eus\/es\/wp-json\/wp\/v2\/media?parent=51232"}],"wp:term":[{"taxonomy":"category","embeddable":true,"href":"https:\/\/www.lab.eus\/es\/wp-json\/wp\/v2\/categories?post=51232"},{"taxonomy":"post_tag","embeddable":true,"href":"https:\/\/www.lab.eus\/es\/wp-json\/wp\/v2\/tags?post=51232"}],"curies":[{"name":"wp","href":"https:\/\/api.w.org\/{rel}","templated":true}]}}