{"id":50955,"date":"2022-09-22T11:20:42","date_gmt":"2022-09-22T11:20:42","guid":{"rendered":"https:\/\/www.lab.eus\/?p=50955"},"modified":"2022-09-22T11:20:44","modified_gmt":"2022-09-22T11:20:44","slug":"llamamos-a-las-trabajadoras-de-las-residencias-de-mayores-de-gipuzkoa-a-organizarse-y-a-luchar","status":"publish","type":"post","link":"https:\/\/www.lab.eus\/es\/llamamos-a-las-trabajadoras-de-las-residencias-de-mayores-de-gipuzkoa-a-organizarse-y-a-luchar\/","title":{"rendered":"Llamamos a las trabajadoras de las residencias de mayores de Gipuzkoa a organizarse y a luchar"},"content":{"rendered":"\n<p>Las trabajadoras de las residencias de mayores de Gipuzkoa llevan a\u00f1os realizando huelgas por un convenio y luchando con dos objetivos claros: conseguir unas condiciones laborales dignas para que el servicio que nos prestan a los y las gipuzkoanas sea de calidad y exquisito, y dar a este sector feminizado y precarizado el lugar y el reconocimiento que se merece en la sociedad.<\/p>\n\n\n\n<p>En el camino de esta larga lucha, la capacidad de negociaci\u00f3n colectiva de las trabajadoras se vio considerablemente mermada por la imposici\u00f3n de servicios m\u00ednimos del 100% vulnerando el derecho a la huelga. Y ahora, la firma en minor\u00eda del Convenio por parte de UGT, que tiene una representaci\u00f3n del 7%, ha acentuado esta situaci\u00f3n, distorsionando totalmente lo que deber\u00eda ser la negociaci\u00f3n colectiva.<\/p>\n\n\n\n<p>Han firmado en contra de las trabajadoras del sector y no mejorar\u00e1 las condiciones de la mayor\u00eda, adem\u00e1s ahondar\u00e1 en las diferencias entre las trabajadoras. Necesitamos un convenio que mejore las condiciones laborales para todo el sector, tanto para las trabajadoras como para todas las gipuzkoanas.<\/p>\n\n\n\n<p>Ante todo ello, LAB quiere manifestar que la patronal y la Diputaci\u00f3n tienen una responsabilidad directa en la precarizaci\u00f3n de las condiciones de las trabajadoras, ya que, en aras de la privatizaci\u00f3n de los servicios p\u00fablicos, est\u00e1n empeorando las condiciones laborales y vulnerando los derechos de las trabajadoras. Una vez m\u00e1s, UGT ha sido el aliado imprescindible para llevar a cabo la en\u00e9sima traici\u00f3n a las trabajadoras de este sector.<\/p>\n\n\n\n<p>Por otra parte, desde el sindicato LAB manifestamos nuestro apoyo a la v\u00eda judicial iniciada por el sindicato ELA.<\/p>\n\n\n\n<p>Pondremos nuestras fuerzas y recursos en defensa los derechos de las trabajadoras y lucharemos centro por centro y pueblo por pueblo; y por otro lado, lucharemos firmemente contra la privatizaci\u00f3n que busca el Gobierno Vasco.<\/p>\n\n\n\n<p>Estas trabajadoras luchan para que el cuidado de las personas mayores en Gipuzkoa sea de calidad y digno, por lo tanto, en defensa de los derechos de todos y todas las gipuzkoanas. Merecen tener un reconocimiento y tener garantizadas unas condiciones de trabajo dignas.<\/p>\n\n\n\n<p>Queremos hacer un llamamiento para que las trabajadoras, junto a residentes y familiares de los centros que se ubican en cada localidad nos unamos y nos organicemos poniendo en el centro los trabajos de cuidados en defensa de nuestros derechos y en contra de la privatizaci\u00f3n de los servicios p\u00fablicos.<\/p>\n","protected":false},"excerpt":{"rendered":"<p>La firma en minor\u00eda del convenio por parte de UGT, que tiene una representaci\u00f3n del 7%, ha agravado la situaci\u00f3n, distorsionando totalmente lo que deber\u00eda ser la negociaci\u00f3n colectiva.<\/p>\n","protected":false},"author":1189,"featured_media":50957,"comment_status":"closed","ping_status":"closed","sticky":false,"template":"","format":"standard","meta":{"_monsterinsights_skip_tracking":false,"_monsterinsights_sitenote_active":false,"_monsterinsights_sitenote_note":"","_monsterinsights_sitenote_category":0,"footnotes":"","_links_to":"","_links_to_target":""},"categories":[18,3000,6],"tags":[3033,3178,3217,3171],"class_list":{"0":"post-50955","1":"post","2":"type-post","3":"status-publish","4":"format-standard","5":"has-post-thumbnail","7":"category-es-accion-sindical","8":"category-servicio-sociocomunitario","9":"category-es-servicios-publicos","10":"tag-accion-sindical-es","11":"tag-destacado-1","12":"tag-servicios-sociocomunitarios","13":"tag-servicios-publicos-es"},"_links":{"self":[{"href":"https:\/\/www.lab.eus\/es\/wp-json\/wp\/v2\/posts\/50955","targetHints":{"allow":["GET"]}}],"collection":[{"href":"https:\/\/www.lab.eus\/es\/wp-json\/wp\/v2\/posts"}],"about":[{"href":"https:\/\/www.lab.eus\/es\/wp-json\/wp\/v2\/types\/post"}],"author":[{"embeddable":true,"href":"https:\/\/www.lab.eus\/es\/wp-json\/wp\/v2\/users\/1189"}],"replies":[{"embeddable":true,"href":"https:\/\/www.lab.eus\/es\/wp-json\/wp\/v2\/comments?post=50955"}],"version-history":[{"count":0,"href":"https:\/\/www.lab.eus\/es\/wp-json\/wp\/v2\/posts\/50955\/revisions"}],"wp:featuredmedia":[{"embeddable":true,"href":"https:\/\/www.lab.eus\/es\/wp-json\/wp\/v2\/media\/50957"}],"wp:attachment":[{"href":"https:\/\/www.lab.eus\/es\/wp-json\/wp\/v2\/media?parent=50955"}],"wp:term":[{"taxonomy":"category","embeddable":true,"href":"https:\/\/www.lab.eus\/es\/wp-json\/wp\/v2\/categories?post=50955"},{"taxonomy":"post_tag","embeddable":true,"href":"https:\/\/www.lab.eus\/es\/wp-json\/wp\/v2\/tags?post=50955"}],"curies":[{"name":"wp","href":"https:\/\/api.w.org\/{rel}","templated":true}]}}