{"id":50929,"date":"2022-09-22T09:52:57","date_gmt":"2022-09-22T09:52:57","guid":{"rendered":"https:\/\/www.lab.eus\/?p=50929"},"modified":"2022-09-22T09:52:59","modified_gmt":"2022-09-22T09:52:59","slug":"hemos-paralizado-por-segunda-vez-el-intento-de-osakidetza-de-privatizar-servicios-de-informatica","status":"publish","type":"post","link":"https:\/\/www.lab.eus\/es\/hemos-paralizado-por-segunda-vez-el-intento-de-osakidetza-de-privatizar-servicios-de-informatica\/","title":{"rendered":"Hemos paralizado por segunda vez el intento de Osakidetza de privatizar servicios de inform\u00e1tica"},"content":{"rendered":"\n<p>LAB ha conseguido paralizar de manera cautelar el segundo intento de externalizaci\u00f3n de trabajos de inform\u00e1tica englobados en el pliego para la creaci\u00f3n de una oficina para proyectos de Tecnolog\u00edas de la Informaci\u00f3n y Comunicaci\u00f3n (TIC) en Osakidetza.<\/p>\n\n\n\n<p>El junio pasado, desde el sindicato LAB conseguimos frenar la externalizaci\u00f3n de los trabajos vinculados a la creaci\u00f3n de una oficina para proyectos TIC en Osakidetza. Dicha externalizaci\u00f3n supone un m\u00ednimo de 22 contratos de trabajo y un costo de 11.000.000 de euros.<\/p>\n\n\n\n<p>Dicha externalizaci\u00f3n, <a href=\"https:\/\/www.lab.eus\/es\/osakidetza-tambien-quiere-privatizar-sus-servicios-de-informatica\/\">en su primer intento y como ya denunciamos<\/a>, no estaba debidamente justificada como marca la ley de contrataci\u00f3n p\u00fablica, por lo que ante la paralizaci\u00f3n cautelar, fue el mismo licitador, es decir Osakidetza, quien desisti\u00f3 del procedimiento una vez conocida nuestra impugnaci\u00f3n. Dichos trabajos estaban valorados en un total de 11.000.000 euros.<\/p>\n\n\n\n<p>En pleno mes de agosto, efectuaron un segundo intento, y si bien es cierto que el pliego es pr\u00e1cticamente id\u00e9ntico, las variaciones vienen dadas sobre todo en la cuesti\u00f3n primaria y origen de dicho pliego: su justificaci\u00f3n.<\/p>\n\n\n\n<p>En este segundo intento, Osakidetza intenta justificar la externalizaci\u00f3n de esos trabajos por su \u201ccomplejidad\u201d. Aunque dicha raz\u00f3n no deja de ser algo irrelevante, pues Osakidetza posee los perfiles profesionales habilitados para realizar los trabajos que en el expediente se exigen. Osakidetza, adem\u00e1s, va mas all\u00e1 detallando dichos trabajos de \u201csuma complejidad\u201d: conocimientos de&nbsp;big data, ciberseguridad, inteligencia artificial,&nbsp;cloud, etc&#8230;.<\/p>\n\n\n\n<p>Todos estos conocimientos son los propios de un o una ingeniera inform\u00e1tica, perfil profesional que forma parte de la plantilla de Osakidetza. Pero si por eso fuera poco, esos trabajos de \u201csuma complejidad\u201d son conocimientos que forman parte de los temarios exigidos en las ofertas p\u00fablicas de empleo para dicha categor\u00eda, por lo que dichas ofertas est\u00e1n dise\u00f1adas de manera que se selecciona a gente acorde con las destrezas que exige la creaci\u00f3n de dicha oficina.<\/p>\n\n\n\n<p>LAB no pone en duda la complejidad de los trabajos. De hecho son trabajos de alta cualificaci\u00f3n, pero Osakidetza, no puede justificar la externalizaci\u00f3n de los trabajos por su complejidad, pues las y los profesionales del ente efectuamos trabajos de gran complejidad todos los d\u00edas. Si dicha justificaci\u00f3n fuese v\u00e1lida, se podr\u00eda externalizar cualquier trabajo realizado a d\u00eda de hoy por la plantilla de Osakidetza a pesar de tener personal capacitado para ello.<\/p>\n\n\n\n<p>Este pliego que hemos logrado parar por segunda vez, de momento de manera cautelar hasta que el \u00f3rgano competente estudie la situaci\u00f3n concreta, pone de relevancia la apuesta decidida de Osakidetza por externalizar trabajos para los que tiene estructura suficiente. Hemos de recordar que en Osakidetza existe una subdirecci\u00f3n de inform\u00e1tica, que ser\u00eda la encargada de coordinar dichos trabajos, efectuar las contrataciones oportunas y no redactar pliegos para enriquecer a empresas privadas con el dinero p\u00fablico, en esta ocasi\u00f3n, proveniente de los fondos europeos \u201cNext Generation\u201d.<\/p>\n\n\n\n<p>Seg\u00fan los pliegos redactados, dichos trabajos dar\u00edan lugar a 23 puestos de trabajo en Osakidetza, pero prefieren pagar 11.000.000 a empresas externas.<\/p>\n\n\n\n<p>Hay categor\u00edas en Osakidetza que est\u00e1n en el centro de la acci\u00f3n y estrategia privatizadora del gobierno desde hace muchos a\u00f1os, y cuyo objetivo es hacerlas desaparecer del ecosistema de Osakidetza, mantenimiento, inform\u00e1tica, cocinas, lavander\u00edas, ambulancias, etc&#8230;.<\/p>\n\n\n\n<p>Desde LAB no vamos a permitir que esto siga sucediendo con tal grado de impunidad, desprecio a las y los profesionales y oscurantismo, por lo que llamamos a toda la plantilla a responder ante esta estrategia de desmantelamiento paulatina, constante y planificada.<\/p>\n","protected":false},"excerpt":{"rendered":"<p>Esta situaci\u00f3n pone de relevancia la apuesta decidida de Osakidetza por externalizar trabajos para los que tiene estructura suficiente.<\/p>\n","protected":false},"author":1189,"featured_media":49973,"comment_status":"closed","ping_status":"closed","sticky":false,"template":"","format":"standard","meta":{"_monsterinsights_skip_tracking":false,"_monsterinsights_sitenote_active":false,"_monsterinsights_sitenote_note":"","_monsterinsights_sitenote_category":0,"footnotes":"","_links_to":"","_links_to_target":""},"categories":[3097,6,3283],"tags":[3178,3195,3100,3171],"class_list":{"0":"post-50929","1":"post","2":"type-post","3":"status-publish","4":"format-standard","5":"has-post-thumbnail","7":"category-sanidad","8":"category-es-servicios-publicos","9":"category-sin-categorizar","10":"tag-destacado-1","11":"tag-osakidetza-es","12":"tag-sanidad-es","13":"tag-servicios-publicos-es"},"_links":{"self":[{"href":"https:\/\/www.lab.eus\/es\/wp-json\/wp\/v2\/posts\/50929","targetHints":{"allow":["GET"]}}],"collection":[{"href":"https:\/\/www.lab.eus\/es\/wp-json\/wp\/v2\/posts"}],"about":[{"href":"https:\/\/www.lab.eus\/es\/wp-json\/wp\/v2\/types\/post"}],"author":[{"embeddable":true,"href":"https:\/\/www.lab.eus\/es\/wp-json\/wp\/v2\/users\/1189"}],"replies":[{"embeddable":true,"href":"https:\/\/www.lab.eus\/es\/wp-json\/wp\/v2\/comments?post=50929"}],"version-history":[{"count":0,"href":"https:\/\/www.lab.eus\/es\/wp-json\/wp\/v2\/posts\/50929\/revisions"}],"wp:featuredmedia":[{"embeddable":true,"href":"https:\/\/www.lab.eus\/es\/wp-json\/wp\/v2\/media\/49973"}],"wp:attachment":[{"href":"https:\/\/www.lab.eus\/es\/wp-json\/wp\/v2\/media?parent=50929"}],"wp:term":[{"taxonomy":"category","embeddable":true,"href":"https:\/\/www.lab.eus\/es\/wp-json\/wp\/v2\/categories?post=50929"},{"taxonomy":"post_tag","embeddable":true,"href":"https:\/\/www.lab.eus\/es\/wp-json\/wp\/v2\/tags?post=50929"}],"curies":[{"name":"wp","href":"https:\/\/api.w.org\/{rel}","templated":true}]}}