{"id":50915,"date":"2022-09-21T14:51:27","date_gmt":"2022-09-21T14:51:27","guid":{"rendered":"https:\/\/www.lab.eus\/?p=50915"},"modified":"2022-09-21T14:51:28","modified_gmt":"2022-09-21T14:51:28","slug":"aplaudimos-el-acuerdo-firmado-por-los-grupos-de-gobierno-y-eh-bildu-para-mejorar-las-condiciones-laborales-del-0-3-en-nafarroa","status":"publish","type":"post","link":"https:\/\/www.lab.eus\/es\/aplaudimos-el-acuerdo-firmado-por-los-grupos-de-gobierno-y-eh-bildu-para-mejorar-las-condiciones-laborales-del-0-3-en-nafarroa\/","title":{"rendered":"Aplaudimos el acuerdo firmado por los grupos de gobierno y EH Bildu para mejorar las condiciones laborales del 0-3 en Nafarroa"},"content":{"rendered":"\n<p>Desde LAB valoramos positivamente la firma del acuerdo porque supone un paso m\u00e1s hacia la dignificaci\u00f3n del ciclo.<\/p>\n\n\n\n<p>El acuerdo incluye incorporar a los presupuestos de 2023 todas las partidas presupuestarias necesarias de cara a igualar las condiciones salariales de todas las trabajadoras de las escuelas infantiles de titularidad municipal con las de las profesionales del Gobierno de Nafarroa a partir de enero de 2023. As\u00ed como incrementar, en aproximadamente 100 jornadas equivalentes, las contrataciones del personal de apoyo educativo, lo cual garantizar\u00e1 el refuerzo en casi la totalidad de escuelas de Nafarroa<\/p>\n\n\n\n<p>No tenemos ninguna duda de que la movilizaci\u00f3n y la lucha, en las que LAB ha participado activamente, han sido imprescindibles para que el Gobierno y los grupos parlamentarios que lo sustentan hayan adquirido este compromiso de materializar los acuerdos a los que en su d\u00eda llegaron con EH Bildu.<\/p>\n\n\n\n<p>LAB 0-3 seguir\u00e1 trabajando por un convenio sectorial propio para Nafarroa ya que es, a nuestro juicio, la manera m\u00e1s realista de garantizar de cara al futuro unas condiciones de trabajo y salariales dignas para todo el ciclo 0-3 y para todas las trabajadoras del sector. Estamos seguras de que para conseguirlo la negociaci\u00f3n colectiva es el camino adecuado y volvemos a remarcar que el compromiso y la movilizaci\u00f3n ser\u00e1n imprescindibles para la consecuci\u00f3n de nuestros objetivos.<\/p>\n","protected":false},"excerpt":{"rendered":"<p>El acuerdo incluye incorporar a los presupuestos de 2023 todas las partidas presupuestarias necesarias de cara a igualar las condiciones salariales de todas las trabajadoras de las escuelas infantiles de titularidad municipal con las de las profesionales del Gobierno de Nafarroa a partir de enero de 2023. <\/p>\n","protected":false},"author":1189,"featured_media":50913,"comment_status":"closed","ping_status":"closed","sticky":false,"template":"","format":"standard","meta":{"_monsterinsights_skip_tracking":false,"_monsterinsights_sitenote_active":false,"_monsterinsights_sitenote_note":"","_monsterinsights_sitenote_category":0,"footnotes":"","_links_to":"","_links_to_target":""},"categories":[2990,33,3054,6],"tags":[3178,3266,3194,3369,3171],"class_list":{"0":"post-50915","1":"post","2":"type-post","3":"status-publish","4":"format-standard","5":"has-post-thumbnail","7":"category-educacion","8":"category-es-ensenanza","9":"category-haur-eskola","10":"category-es-servicios-publicos","11":"tag-destacado-1","12":"tag-educacion-es","13":"tag-ensenanza-es","14":"tag-haur-eskolak-2-es","15":"tag-servicios-publicos-es"},"_links":{"self":[{"href":"https:\/\/www.lab.eus\/es\/wp-json\/wp\/v2\/posts\/50915","targetHints":{"allow":["GET"]}}],"collection":[{"href":"https:\/\/www.lab.eus\/es\/wp-json\/wp\/v2\/posts"}],"about":[{"href":"https:\/\/www.lab.eus\/es\/wp-json\/wp\/v2\/types\/post"}],"author":[{"embeddable":true,"href":"https:\/\/www.lab.eus\/es\/wp-json\/wp\/v2\/users\/1189"}],"replies":[{"embeddable":true,"href":"https:\/\/www.lab.eus\/es\/wp-json\/wp\/v2\/comments?post=50915"}],"version-history":[{"count":0,"href":"https:\/\/www.lab.eus\/es\/wp-json\/wp\/v2\/posts\/50915\/revisions"}],"wp:featuredmedia":[{"embeddable":true,"href":"https:\/\/www.lab.eus\/es\/wp-json\/wp\/v2\/media\/50913"}],"wp:attachment":[{"href":"https:\/\/www.lab.eus\/es\/wp-json\/wp\/v2\/media?parent=50915"}],"wp:term":[{"taxonomy":"category","embeddable":true,"href":"https:\/\/www.lab.eus\/es\/wp-json\/wp\/v2\/categories?post=50915"},{"taxonomy":"post_tag","embeddable":true,"href":"https:\/\/www.lab.eus\/es\/wp-json\/wp\/v2\/tags?post=50915"}],"curies":[{"name":"wp","href":"https:\/\/api.w.org\/{rel}","templated":true}]}}