{"id":50630,"date":"2022-09-12T12:54:52","date_gmt":"2022-09-12T12:54:52","guid":{"rendered":"https:\/\/www.lab.eus\/?p=50630"},"modified":"2022-09-13T07:44:19","modified_gmt":"2022-09-13T07:44:19","slug":"hemos-convocado-cuatro-jornadas-de-huelga-en-artes-graficas-de-gipuzkoa-porque-adegi-ha-bloqueado-la-mesa-de-negociacion","status":"publish","type":"post","link":"https:\/\/www.lab.eus\/es\/hemos-convocado-cuatro-jornadas-de-huelga-en-artes-graficas-de-gipuzkoa-porque-adegi-ha-bloqueado-la-mesa-de-negociacion\/","title":{"rendered":"Convocaremos cuatro jornadas de huelga en artes gr\u00e1ficas de Gipuzkoa porque ADEGI ha bloqueado la mesa de negociaci\u00f3n"},"content":{"rendered":"\n<p>ADEGI tiene bloqueada la mesa negociadora del sector gr\u00e1fico. Ante esto, las y los trabajadores del sector no han tenido m\u00e1s remedio que acudir a las movilizaciones y a la huelga. As\u00ed, LAB, primera fuerza en el sector, convocar\u00e1 cuatro jornadas de huelga en artes gr\u00e1ficas de de Gipuzkoa: los d\u00edas 27 y 29 de septiembre y 4 y 6 de octubre. Asimismo, se concentrar\u00e1 el 16 de septiembre a las 11:00 horas frente a la empresa SAM de Tolosa y el 20 en Elduaien, a las 11:00, frente a CORENSO.<\/p>\n\n\n\n<p>La \u00faltima reuni\u00f3n fue en mayo y en ella la patronal propuso unas subidas salariales muy pobres y en el resto de contenidos tampoco ofreci\u00f3 ning\u00fan avance.<\/p>\n\n\n\n<p>La propuesta final de ADEGI es la siguiente: 4 a\u00f1os de duraci\u00f3n y incremento salarial del 3% para 2022; incremento del IPC para 2023 con un l\u00edmite del 2%; incremento del IPC para 2024 con un l\u00edmite del 1% y incremento del IPC para 2025 con un l\u00edmite del 1%.<\/p>\n\n\n\n<p>Estos salarios no garantizan en absoluto el poder adquisitivo de las y los trabajadores del sector, m\u00e1xime ahora que estamos notando el encarecimiento de la vida en nuestros bolsillos.<\/p>\n\n\n\n<p>Por eso tenemos claro que si queremos mover a la patronal y conseguir mejoras en nuestro convenio, \u00e9ste es el momento en el que todo el sector tenemos que salir a la calle y denunciar la situaci\u00f3n que vivimos. Si no, seguiremos sin ninguna mejora y con el convenio totalmente bloqueado.<\/p>\n\n\n\n<p>Porque luchar siempre merece la pena, hacemos un llamamiento a las y los trabajadores del sector a participar en las huelgas y movilizaciones.<\/p>\n","protected":false},"excerpt":{"rendered":"<p>Ser\u00e1n los d\u00edas 27 y 29 de septiembre y el 4 y 6 de octubre. Asimismo, nos concentraremos el 16 de septiembre frente a la empresa SAM de Tolosa y, el 20, en Elduaien, ante CORENSO.<\/p>\n","protected":false},"author":1189,"featured_media":50629,"comment_status":"closed","ping_status":"closed","sticky":false,"template":"","format":"standard","meta":{"_monsterinsights_skip_tracking":false,"_monsterinsights_sitenote_active":false,"_monsterinsights_sitenote_note":"","_monsterinsights_sitenote_category":0,"footnotes":"","_links_to":"","_links_to_target":""},"categories":[18,100,2868,3283],"tags":[3033,3178,2996],"class_list":{"0":"post-50630","1":"post","2":"type-post","3":"status-publish","4":"format-standard","5":"has-post-thumbnail","7":"category-es-accion-sindical","8":"category-es-artes-graficas","9":"category-industria-es","10":"category-sin-categorizar","11":"tag-accion-sindical-es","12":"tag-destacado-1","13":"tag-industria-es"},"_links":{"self":[{"href":"https:\/\/www.lab.eus\/es\/wp-json\/wp\/v2\/posts\/50630","targetHints":{"allow":["GET"]}}],"collection":[{"href":"https:\/\/www.lab.eus\/es\/wp-json\/wp\/v2\/posts"}],"about":[{"href":"https:\/\/www.lab.eus\/es\/wp-json\/wp\/v2\/types\/post"}],"author":[{"embeddable":true,"href":"https:\/\/www.lab.eus\/es\/wp-json\/wp\/v2\/users\/1189"}],"replies":[{"embeddable":true,"href":"https:\/\/www.lab.eus\/es\/wp-json\/wp\/v2\/comments?post=50630"}],"version-history":[{"count":0,"href":"https:\/\/www.lab.eus\/es\/wp-json\/wp\/v2\/posts\/50630\/revisions"}],"wp:featuredmedia":[{"embeddable":true,"href":"https:\/\/www.lab.eus\/es\/wp-json\/wp\/v2\/media\/50629"}],"wp:attachment":[{"href":"https:\/\/www.lab.eus\/es\/wp-json\/wp\/v2\/media?parent=50630"}],"wp:term":[{"taxonomy":"category","embeddable":true,"href":"https:\/\/www.lab.eus\/es\/wp-json\/wp\/v2\/categories?post=50630"},{"taxonomy":"post_tag","embeddable":true,"href":"https:\/\/www.lab.eus\/es\/wp-json\/wp\/v2\/tags?post=50630"}],"curies":[{"name":"wp","href":"https:\/\/api.w.org\/{rel}","templated":true}]}}