{"id":50623,"date":"2022-09-12T11:24:00","date_gmt":"2022-09-12T11:24:00","guid":{"rendered":"https:\/\/www.lab.eus\/?p=50623"},"modified":"2022-09-12T11:24:03","modified_gmt":"2022-09-12T11:24:03","slug":"hemos-interpelado-al-gobierno-vasco-y-a-las-administraciones-publicas-para-que-se-acabe-con-la-precariedad-en-el-metal-de-araba","status":"publish","type":"post","link":"https:\/\/www.lab.eus\/es\/hemos-interpelado-al-gobierno-vasco-y-a-las-administraciones-publicas-para-que-se-acabe-con-la-precariedad-en-el-metal-de-araba\/","title":{"rendered":"Hemos interpelado al Gobierno Vasco y a las Administraciones P\u00fablicas para que se acabe con la precariedad en el metal de Araba"},"content":{"rendered":"\n<p>Comunicado de los sindicatos LAB, ELA, CCOO, USO, ESK y CGT:<\/p>\n\n\n\n<p>LAB-ELA-CCOO-USO-ESK-CGT nos hemos concentrado frente al Gobierno Vasco para pedir que asuma su responsabilidad tanto dentro de su \u00e1mbito de contrataci\u00f3n como ante la situaci\u00f3n de precariedad del Metal de Araba.<\/p>\n\n\n\n<p><a href=\"https:\/\/www.lab.eus\/es\/sea-ha-perdido-una-nueva-oportunidad-para-encauzar-la-negociacion-en-el-metal-de-araba-vamos-a-la-huelga\/\">Los sindicatos hemos convocado tres d\u00edas de huelga en el Sector del Metal de Araba<\/a>, para dignificar el sector y se desbloquee el Convenio del Metal de Araba. El SEA debe dar pasos valientes para poder llegar a un acuerdo. La situaci\u00f3n de precariedad es insostenible y la alta inflaci\u00f3n est\u00e1 ahondando en esa situaci\u00f3n para los y las trabajadoras del metal.<\/p>\n\n\n\n<p>Ante esto el Gobierno Vasco y las Administraciones P\u00fablicas deben de tomar partido y posicionarse, dado que tenemos unas condiciones laborales precarias en el metal de Araba, salarios por debajo de los 1400\u20ac mensuales, la jornada del metal mas alta de alrededor, sin derecho a subrogaci\u00f3n, con una gran flexibilidad,\u2026 Todo ello en un Convenio que afecta a 25.000 personas<\/p>\n\n\n\n<p>Es necesario recoger subidas acordes al IPC tanto en tablas como en salarios reales, bajar la jornada de manera notoria, mejorar los complementos de las bajas m\u00e9dicas, recoger la subrogaci\u00f3n, limitar la flexibilidad y medidas que pongan la vida en el centro, junto con mejoras en Salud Laboral e Igualdad.<\/p>\n\n\n\n<p>Adem\u00e1s de tener que hacer suyas las necesidades de la clase trabajadora del metal de Araba, las Administraciones P\u00fablicas tambi\u00e9n pueden y deben mejorar este Convenio. Hoy en d\u00eda muchos trabajos que contrata o subcontratan las Administraciones est\u00e1n bajo el amparo de las condiciones del Metal de Araba, eso significa que es la propia Administraci\u00f3n en su papel de empresario y patronal la que se sirve de las condiciones precarias.<\/p>\n\n\n\n<p>Por ello, exigimos al Gobierno Vasco y a todas las Administraciones que garanticen el derecho de subrogaci\u00f3n de todas las plantillas subcontratadas por ellas del metal, unos salarios m\u00ednimos de 1400 \u20ac mensuales, garantizar el poder adquisitivo,\u2026 Y as\u00ed se posiciones y se lo hagan saber al SEA, de lo contrario entenderemos que avalan las condiciones de Precariedad que impone el SEA al sector.<\/p>\n","protected":false},"excerpt":{"rendered":"<p>Los sindicatos nos hemos concentrado en Gasteiz, ante la sede del Gobierno Vasco en Lakua, en la antesala de los tres d\u00edas de huelga convocados para el 21, 22 y 23 de septiembre para dignificar el sector y desbloquear el convenio.<\/p>\n","protected":false},"author":1189,"featured_media":50621,"comment_status":"closed","ping_status":"closed","sticky":false,"template":"","format":"standard","meta":{"_monsterinsights_skip_tracking":false,"_monsterinsights_sitenote_active":false,"_monsterinsights_sitenote_note":"","_monsterinsights_sitenote_category":0,"footnotes":"","_links_to":"","_links_to_target":""},"categories":[18,2868,108],"tags":[3033,3178,2996,3064],"class_list":{"0":"post-50623","1":"post","2":"type-post","3":"status-publish","4":"format-standard","5":"has-post-thumbnail","7":"category-es-accion-sindical","8":"category-industria-es","9":"category-es-metal","10":"tag-accion-sindical-es","11":"tag-destacado-1","12":"tag-industria-es","13":"tag-metal-es"},"_links":{"self":[{"href":"https:\/\/www.lab.eus\/es\/wp-json\/wp\/v2\/posts\/50623","targetHints":{"allow":["GET"]}}],"collection":[{"href":"https:\/\/www.lab.eus\/es\/wp-json\/wp\/v2\/posts"}],"about":[{"href":"https:\/\/www.lab.eus\/es\/wp-json\/wp\/v2\/types\/post"}],"author":[{"embeddable":true,"href":"https:\/\/www.lab.eus\/es\/wp-json\/wp\/v2\/users\/1189"}],"replies":[{"embeddable":true,"href":"https:\/\/www.lab.eus\/es\/wp-json\/wp\/v2\/comments?post=50623"}],"version-history":[{"count":0,"href":"https:\/\/www.lab.eus\/es\/wp-json\/wp\/v2\/posts\/50623\/revisions"}],"wp:featuredmedia":[{"embeddable":true,"href":"https:\/\/www.lab.eus\/es\/wp-json\/wp\/v2\/media\/50621"}],"wp:attachment":[{"href":"https:\/\/www.lab.eus\/es\/wp-json\/wp\/v2\/media?parent=50623"}],"wp:term":[{"taxonomy":"category","embeddable":true,"href":"https:\/\/www.lab.eus\/es\/wp-json\/wp\/v2\/categories?post=50623"},{"taxonomy":"post_tag","embeddable":true,"href":"https:\/\/www.lab.eus\/es\/wp-json\/wp\/v2\/tags?post=50623"}],"curies":[{"name":"wp","href":"https:\/\/api.w.org\/{rel}","templated":true}]}}