{"id":50603,"date":"2022-09-12T08:08:21","date_gmt":"2022-09-12T08:08:21","guid":{"rendered":"https:\/\/www.lab.eus\/?p=50603"},"modified":"2022-09-12T08:08:22","modified_gmt":"2022-09-12T08:08:22","slug":"no-se-puede-dejar-de-proteger-a-las-y-los-autonomos","status":"publish","type":"post","link":"https:\/\/www.lab.eus\/es\/no-se-puede-dejar-de-proteger-a-las-y-los-autonomos\/","title":{"rendered":"No se puede dejar de proteger a las y los aut\u00f3nomos"},"content":{"rendered":"\n<p>Hemos tenido conocimiento de que el trabajador, de 44 a\u00f1os, que hab\u00eda sufrido una caida el pasado 10 de septiembre en Ituren, ha fallecido como consecuencia de las graves heridas sufridas. Desde LAB, queremos transmitir nuestro pesar y mostrar nuestra solidaridad a familiares y allegadas y allegados.<\/p>\n\n\n\n<p>El trabajador aut\u00f3nomo, que estaba colocando un toldo en la pared de una casa de Ituren, se ha ca\u00eddo desde una escalera de mano que doblaba la altura permitida. Una y otra vez hemos puesto sobre la mesa que estos accidentes son evitables, que los dramas personales y sociales que se dan detr\u00e1s de estos siniestros se pueden evitar si se cumplen las medidas de prevenci\u00f3n.<\/p>\n\n\n\n<p><a href=\"https:\/\/www.lab.eus\/2022an-lan-istripuan-hildako-langileak\/\">57 trabajadoras y trabajadores han fallecido en Euskal Herria en 2022<\/a>, 14 en Nafarroa; 8 en caidas de altura. Es evidente que, mientras no se tomen medidas reales, no cesar\u00e1 el derramamiento de sangre. En este caso, adem\u00e1s, siendo el trabajador aut\u00f3nomo, la normativa de salud laboral no le ampara. \u00bfC\u00f3mo es posible que las y los aut\u00f3nomos no tengan esa protecci\u00f3n? \u00bfQu\u00e9 hace que un trabajador tenga que asumir riesgos innecesarios a\u00fan siendo consciente de ello?<\/p>\n\n\n\n<p>De este modo, hacemos un llamamiento al Gobierno de Nafarroa para que adopte las medidas necesarias para proteger tambi\u00e9n a las y los aut\u00f3nomos, para que incluya a estas y estos trabajadores en los protocolos de salud laboral. No se puede dejar de proteger a las y los aut\u00f3nomos. Para garantizar la salud laboral, \u00a1que se tomen las medidas de una vez!<\/p>\n","protected":false},"excerpt":{"rendered":"<p>Ha fallecido el trabajador de 44 a\u00f1os que sufri\u00f3 una caida el pasado 10 de septiembre en Ituren. Se cay\u00f3 desde una escalera de mano que doblaba la altura permitida.<\/p>\n","protected":false},"author":1189,"featured_media":40636,"comment_status":"closed","ping_status":"closed","sticky":false,"template":"","format":"standard","meta":{"_monsterinsights_skip_tracking":false,"_monsterinsights_sitenote_active":false,"_monsterinsights_sitenote_note":"","_monsterinsights_sitenote_category":0,"footnotes":"","_links_to":"","_links_to_target":""},"categories":[18,15],"tags":[3178,3263,3083],"class_list":{"0":"post-50603","1":"post","2":"type-post","3":"status-publish","4":"format-standard","5":"has-post-thumbnail","7":"category-es-accion-sindical","8":"category-es-salud-laboral","9":"tag-destacado-1","10":"tag-la-precariedad-mata-es-2","11":"tag-salud-laboral-es"},"_links":{"self":[{"href":"https:\/\/www.lab.eus\/es\/wp-json\/wp\/v2\/posts\/50603","targetHints":{"allow":["GET"]}}],"collection":[{"href":"https:\/\/www.lab.eus\/es\/wp-json\/wp\/v2\/posts"}],"about":[{"href":"https:\/\/www.lab.eus\/es\/wp-json\/wp\/v2\/types\/post"}],"author":[{"embeddable":true,"href":"https:\/\/www.lab.eus\/es\/wp-json\/wp\/v2\/users\/1189"}],"replies":[{"embeddable":true,"href":"https:\/\/www.lab.eus\/es\/wp-json\/wp\/v2\/comments?post=50603"}],"version-history":[{"count":0,"href":"https:\/\/www.lab.eus\/es\/wp-json\/wp\/v2\/posts\/50603\/revisions"}],"wp:featuredmedia":[{"embeddable":true,"href":"https:\/\/www.lab.eus\/es\/wp-json\/wp\/v2\/media\/40636"}],"wp:attachment":[{"href":"https:\/\/www.lab.eus\/es\/wp-json\/wp\/v2\/media?parent=50603"}],"wp:term":[{"taxonomy":"category","embeddable":true,"href":"https:\/\/www.lab.eus\/es\/wp-json\/wp\/v2\/categories?post=50603"},{"taxonomy":"post_tag","embeddable":true,"href":"https:\/\/www.lab.eus\/es\/wp-json\/wp\/v2\/tags?post=50603"}],"curies":[{"name":"wp","href":"https:\/\/api.w.org\/{rel}","templated":true}]}}