{"id":50308,"date":"2022-08-12T08:26:24","date_gmt":"2022-08-12T08:26:24","guid":{"rendered":"https:\/\/www.lab.eus\/?p=50308"},"modified":"2022-08-12T08:26:37","modified_gmt":"2022-08-12T08:26:37","slug":"hemos-firmado-en-la-empresa-froneri-un-convenio-que-garantiza-el-ipc-en-toda-su-vigencia-lortudugu","status":"publish","type":"post","link":"https:\/\/www.lab.eus\/es\/hemos-firmado-en-la-empresa-froneri-un-convenio-que-garantiza-el-ipc-en-toda-su-vigencia-lortudugu\/","title":{"rendered":"Hemos firmado en Froneri un convenio que garantiza el IPC en toda su vigencia #LortuDugu"},"content":{"rendered":"\n<p>Ayer 11 de agosto LAB firm\u00f3 el Convenio en la empresa FRONERI, antigua MIKO. Tras una negociaci\u00f3n que se ha prolongado en algo m\u00e1s de un a\u00f1o, en la cual hemos tenido m\u00e1s de 20 reuniones, problemas de abastecimiento y paros en la producci\u00f3n, hemos conseguido llegar a un acuerdo.<\/p>\n\n\n\n<p>Este convenio con vigencia de enero de 2021 a diciembre de 2025 tiene subidas salariales garantizando el IPC y subidas consolidadas en el sueldo, desaparici\u00f3n de la obligatoriedad de trabajar 7 s\u00e1bados de calendario al a\u00f1o y 3 de bols\u00edn, bajada de 8h quedando la jornada en 1.712h, contrato m\u00ednimo de 6 meses para los contratos fijos discontinuos con antig\u00fcedad superior a 25 a\u00f1os, creaci\u00f3n de lista de eventuales, mejoras en las retribuciones de los retenes, mejora en las rotaciones tanto en las m\u00e1quinas como de las personas, equiparaci\u00f3n a las parejas de hecho. Adem\u00e1s tambi\u00e9n se ha aclarado la redacci\u00f3n de otros art\u00edculos en su interpretaci\u00f3n.<\/p>\n\n\n\n<p>En cuanto al punto de la eventualidad, queremos remarcar que LAB fue el \u00fanico sindicato que lo incluy\u00f3 en su plataforma, y aunque lo acordado no cumple con nuestras pretensiones, se ha marcado el camino para recuperar lo que se perdi\u00f3 en el convenio del 2011. Dicho convenio y el siguiente no fueron firmados por esta secci\u00f3n sindical por suponer una clara p\u00e9rdida de derechos y un retroceso en nuestras condiciones laborales. As\u00ed pues, se ha roto con el esquema \u201cderechos por dinero\u201d que se hab\u00eda manejado durante las \u00faltimas negociaciones.<\/p>\n\n\n\n<p>LAB ha impulsado desde el inicio este camino, hemos invertido en ello todas nuestras fuerzas, tanto en la elaboraci\u00f3n de la plataforma como en la negociaci\u00f3n, dando importancia al instrumento de la negociaci\u00f3n colectiva.<\/p>\n\n\n\n<p>Tambi\u00e9n decir que todo esto lo hemos conseguido gracias al apoyo de la plantilla que ha secundado las movilizaciones planteadas desde el comit\u00e9 de cara a mejorar nuestras condiciones laborales. Una vez m\u00e1s, queda claro que la unidad y la organizaci\u00f3n son la mejor herramienta de la clase trabajadora para conquistar derechos.<\/p>\n","protected":false},"excerpt":{"rendered":"<p>Tras una negociaci\u00f3n que se ha prolongado en algo m\u00e1s de un a\u00f1o, en la cual hemos tenido m\u00e1s de 20 reuniones, problemas de abastecimiento y paros en la producci\u00f3n, hemos conseguido llegar a un acuerdo.<\/p>\n","protected":false},"author":1189,"featured_media":50305,"comment_status":"closed","ping_status":"closed","sticky":false,"template":"","format":"standard","meta":{"_monsterinsights_skip_tracking":false,"_monsterinsights_sitenote_active":false,"_monsterinsights_sitenote_note":"","_monsterinsights_sitenote_category":0,"footnotes":"","_links_to":"","_links_to_target":""},"categories":[18,268,2868,3283],"tags":[3033,3295,3179,2996],"class_list":{"0":"post-50308","1":"post","2":"type-post","3":"status-publish","4":"format-standard","5":"has-post-thumbnail","7":"category-es-accion-sindical","8":"category-es-alimentacion-es-servicios-privados","9":"category-industria-es","10":"category-sin-categorizar","11":"tag-accion-sindical-es","12":"tag-alimentacion-es","13":"tag-destacado-2","14":"tag-industria-es"},"_links":{"self":[{"href":"https:\/\/www.lab.eus\/es\/wp-json\/wp\/v2\/posts\/50308","targetHints":{"allow":["GET"]}}],"collection":[{"href":"https:\/\/www.lab.eus\/es\/wp-json\/wp\/v2\/posts"}],"about":[{"href":"https:\/\/www.lab.eus\/es\/wp-json\/wp\/v2\/types\/post"}],"author":[{"embeddable":true,"href":"https:\/\/www.lab.eus\/es\/wp-json\/wp\/v2\/users\/1189"}],"replies":[{"embeddable":true,"href":"https:\/\/www.lab.eus\/es\/wp-json\/wp\/v2\/comments?post=50308"}],"version-history":[{"count":0,"href":"https:\/\/www.lab.eus\/es\/wp-json\/wp\/v2\/posts\/50308\/revisions"}],"wp:featuredmedia":[{"embeddable":true,"href":"https:\/\/www.lab.eus\/es\/wp-json\/wp\/v2\/media\/50305"}],"wp:attachment":[{"href":"https:\/\/www.lab.eus\/es\/wp-json\/wp\/v2\/media?parent=50308"}],"wp:term":[{"taxonomy":"category","embeddable":true,"href":"https:\/\/www.lab.eus\/es\/wp-json\/wp\/v2\/categories?post=50308"},{"taxonomy":"post_tag","embeddable":true,"href":"https:\/\/www.lab.eus\/es\/wp-json\/wp\/v2\/tags?post=50308"}],"curies":[{"name":"wp","href":"https:\/\/api.w.org\/{rel}","templated":true}]}}