{"id":50087,"date":"2022-07-26T11:58:23","date_gmt":"2022-07-26T11:58:23","guid":{"rendered":"https:\/\/www.lab.eus\/?p=50087"},"modified":"2022-07-26T11:58:25","modified_gmt":"2022-07-26T11:58:25","slug":"consideramos-muy-grave-la-firma-del-convenio-laboral-de-las-residencias-de-mayores-de-gipuzkoa-con-la-minoria-sindical","status":"publish","type":"post","link":"https:\/\/www.lab.eus\/es\/consideramos-muy-grave-la-firma-del-convenio-laboral-de-las-residencias-de-mayores-de-gipuzkoa-con-la-minoria-sindical\/","title":{"rendered":"Consideramos muy grave la firma del convenio laboral de las residencias de mayores de Gipuzkoa con la minor\u00eda sindical"},"content":{"rendered":"\n<p>En la reuni\u00f3n de la mesa negociadora mantenida esta ma\u00f1ana, la patronal no ha mostrado ninguna voluntad de negociaci\u00f3n y ha mostrado su disposici\u00f3n a suscribir un convenio de eficacia limitada con el sindicato UGT, que cuenta con la representaci\u00f3n m\u00e1s baja de las trabajadoras.<\/p>\n\n\n\n<p>Las patronales y la Diputaci\u00f3n de Gipuzkoa siguen burl\u00e1ndose de las mujeres trabajadoras de las residencias que han llevado a cabo cientos de d\u00edas de huelga. Sobre la mesa de negociaci\u00f3n anunciada para hoy, la patronal hab\u00eda puesto una oferta de acuerdo que consideramos insuficiente. Sin embargo, LAB no ha acudido a la reuni\u00f3n de hoy con una actitud obstruccionista; hemos manifestado en la mesa nuestra intenci\u00f3n de hacer una contrapropuesta en l\u00ednea con la propuesta realizada por la patronal. Por el contrario, la patronal no ha dado ninguna opci\u00f3n para ello y ha abierto la puerta a la firma de un acuerdo de eficacia limitada con el sindicato UGT.&nbsp;<\/p>\n\n\n\n<p>La propuesta realizada por la patronal planteaba una serie de dificultades para el acuerdo que para LAB son fundamentales:<\/p>\n\n\n\n<p>\u2022 Aunque existe la posibilidad de acordar la garant\u00eda del IPC, vemos necesario recibir una compensaci\u00f3n para recuperar el poder adquisitivo que se puede perder.<\/p>\n\n\n\n<p>\u2022 Consideramos necesario el compromiso de recuperar atrasos para todas aquellas trabajadoras, en caso de que hayan sufrido p\u00e9rdida de poder adquisitivo antes de 2022.&nbsp;<\/p>\n\n\n\n<p>\u2022 Algunas medidas ya vigentes, como la jornada o los pagos de pluses, deber\u00edan recogerse desde el inicio de la vigencia del convenio.<\/p>\n\n\n\n<p>Como se ha comentado anteriormente, LAB ve\u00eda posibilidades de abordar la v\u00eda del acuerdo. Por el contrario, la actitud de la patronal ha sido otra y, por si fuera poco, el apoyo del sindicato UGT condiciona totalmente la lucha de las trabajadoras. Entendemos que es muy grave lo que ha ocurrido hoy en la mesa de negociaci\u00f3n y le pedimos a la Diputaci\u00f3n Foral que no apoye esta situaci\u00f3n. Queremos decir en voz alta que seguiremos con el compromiso de seguir auspiciando la lucha por el convenio laboral que la situaci\u00f3n requiere para todas las trabajadoras.<\/p>\n","protected":false},"excerpt":{"rendered":"<p>En la reuni\u00f3n de la mesa negociadora, la patronal no ha mostrado ninguna voluntad de negociaci\u00f3n y ha mostrado su disposici\u00f3n a suscribir un convenio de eficacia limitada con el sindicato UGT, que cuenta con la representaci\u00f3n m\u00e1s baja de las trabajadoras.<\/p>\n","protected":false},"author":1189,"featured_media":50085,"comment_status":"closed","ping_status":"closed","sticky":false,"template":"","format":"standard","meta":{"_monsterinsights_skip_tracking":false,"_monsterinsights_sitenote_active":false,"_monsterinsights_sitenote_note":"","_monsterinsights_sitenote_category":0,"footnotes":"","_links_to":"","_links_to_target":""},"categories":[18,3000,6],"tags":[3033,3178,3217,3171],"class_list":{"0":"post-50087","1":"post","2":"type-post","3":"status-publish","4":"format-standard","5":"has-post-thumbnail","7":"category-es-accion-sindical","8":"category-servicio-sociocomunitario","9":"category-es-servicios-publicos","10":"tag-accion-sindical-es","11":"tag-destacado-1","12":"tag-servicios-sociocomunitarios","13":"tag-servicios-publicos-es"},"_links":{"self":[{"href":"https:\/\/www.lab.eus\/es\/wp-json\/wp\/v2\/posts\/50087","targetHints":{"allow":["GET"]}}],"collection":[{"href":"https:\/\/www.lab.eus\/es\/wp-json\/wp\/v2\/posts"}],"about":[{"href":"https:\/\/www.lab.eus\/es\/wp-json\/wp\/v2\/types\/post"}],"author":[{"embeddable":true,"href":"https:\/\/www.lab.eus\/es\/wp-json\/wp\/v2\/users\/1189"}],"replies":[{"embeddable":true,"href":"https:\/\/www.lab.eus\/es\/wp-json\/wp\/v2\/comments?post=50087"}],"version-history":[{"count":0,"href":"https:\/\/www.lab.eus\/es\/wp-json\/wp\/v2\/posts\/50087\/revisions"}],"wp:featuredmedia":[{"embeddable":true,"href":"https:\/\/www.lab.eus\/es\/wp-json\/wp\/v2\/media\/50085"}],"wp:attachment":[{"href":"https:\/\/www.lab.eus\/es\/wp-json\/wp\/v2\/media?parent=50087"}],"wp:term":[{"taxonomy":"category","embeddable":true,"href":"https:\/\/www.lab.eus\/es\/wp-json\/wp\/v2\/categories?post=50087"},{"taxonomy":"post_tag","embeddable":true,"href":"https:\/\/www.lab.eus\/es\/wp-json\/wp\/v2\/tags?post=50087"}],"curies":[{"name":"wp","href":"https:\/\/api.w.org\/{rel}","templated":true}]}}