{"id":49964,"date":"2022-07-19T10:03:45","date_gmt":"2022-07-19T10:03:45","guid":{"rendered":"https:\/\/www.lab.eus\/?p=49964"},"modified":"2022-07-19T10:03:46","modified_gmt":"2022-07-19T10:03:46","slug":"el-servicio-de-jardineria-en-arrasate-a-la-huelga-sin-ipc-no-hay-acuerdo","status":"publish","type":"post","link":"https:\/\/www.lab.eus\/es\/el-servicio-de-jardineria-en-arrasate-a-la-huelga-sin-ipc-no-hay-acuerdo\/","title":{"rendered":"\u00a1El servicio de jardineria en Arrasate a la huelga! \u00a1Sin IPC, no hay acuerdo!"},"content":{"rendered":"\n<p>El servicio de jardiner\u00eda de Arrasate est\u00e1 gestionado por la empresa PREZERO. Trat\u00e1ndose de un servicio subcontratado, a las y los trabajadores se les aplica un convenio estatal en el que no se hace menci\u00f3n alguna al incremento del IPC.<\/p>\n\n\n\n<p>Desde hace m\u00e1s de 15 a\u00f1os, el ayuntamiento no ha realizado una revisi\u00f3n econ\u00f3mica del servicio de jardiner\u00eda y el personal ha permanecido sin incremento alguno durante estos a\u00f1os. Hace unos meses nos reunimos con el ayuntamiento para pedir que se modifique esta situaci\u00f3n y se ampl\u00ede la oferta econ\u00f3mica que se hace a las empresas. Garantizar salarios dignos a los y las trabajadoras. Pero la empresa no quiere que se le aplique el incremento del IPC.<\/p>\n\n\n\n<figure class=\"wp-block-image size-large\"><img loading=\"lazy\" decoding=\"async\" width=\"1024\" height=\"576\" src=\"https:\/\/www.lab.eus\/wp-content\/uploads\/2022\/07\/Lorezaintza1-1024x576.jpeg\" alt=\"\" class=\"wp-image-49962\" srcset=\"https:\/\/www.lab.eus\/wp-content\/uploads\/2022\/07\/Lorezaintza1-1024x576.jpeg 1024w, https:\/\/www.lab.eus\/wp-content\/uploads\/2022\/07\/Lorezaintza1-300x169.jpeg 300w, https:\/\/www.lab.eus\/wp-content\/uploads\/2022\/07\/Lorezaintza1-768x432.jpeg 768w, https:\/\/www.lab.eus\/wp-content\/uploads\/2022\/07\/Lorezaintza1-150x84.jpeg 150w, https:\/\/www.lab.eus\/wp-content\/uploads\/2022\/07\/Lorezaintza1-696x392.jpeg 696w, https:\/\/www.lab.eus\/wp-content\/uploads\/2022\/07\/Lorezaintza1-1068x601.jpeg 1068w, https:\/\/www.lab.eus\/wp-content\/uploads\/2022\/07\/Lorezaintza1-747x420.jpeg 747w, https:\/\/www.lab.eus\/wp-content\/uploads\/2022\/07\/Lorezaintza1.jpeg 1280w\" sizes=\"auto, (max-width: 1024px) 100vw, 1024px\" \/><\/figure>\n\n\n\n<p>Estos y estas trabajadoras sufren cada d\u00eda una subida constante de precios y el encarecimiento de la vida. No se les garantiza el mantenimiento de su poder adquisitivo.<\/p>\n\n\n\n<p>As\u00ed que a partir del 18 de julio vamos a la huelga. \u00a1Exigimos condiciones laborales dignas en defensa de nuestros derechos!<\/p>\n\n\n\n<p>Concentraci\u00f3n el martes 19 de julio a las 17:30 en la Herriko plaza de Arrasate.<\/p>\n","protected":false},"excerpt":{"rendered":"<p>El servicio de jardiner\u00eda de Arrasate est\u00e1 gestionado por la empresa PREZERO. Trat\u00e1ndose de un servicio subcontratado, a las y los trabajadores se les aplica un convenio estatal en el que no se hace menci\u00f3n alguna al incremento del IPC.<\/p>\n","protected":false},"author":1189,"featured_media":49960,"comment_status":"closed","ping_status":"closed","sticky":false,"template":"","format":"standard","meta":{"_monsterinsights_skip_tracking":false,"_monsterinsights_sitenote_active":false,"_monsterinsights_sitenote_note":"","_monsterinsights_sitenote_category":0,"footnotes":"","_links_to":"","_links_to_target":""},"categories":[18,8],"tags":[3033,3178],"class_list":{"0":"post-49964","1":"post","2":"type-post","3":"status-publish","4":"format-standard","5":"has-post-thumbnail","7":"category-es-accion-sindical","8":"category-es-servicios-privados","9":"tag-accion-sindical-es","10":"tag-destacado-1"},"_links":{"self":[{"href":"https:\/\/www.lab.eus\/es\/wp-json\/wp\/v2\/posts\/49964","targetHints":{"allow":["GET"]}}],"collection":[{"href":"https:\/\/www.lab.eus\/es\/wp-json\/wp\/v2\/posts"}],"about":[{"href":"https:\/\/www.lab.eus\/es\/wp-json\/wp\/v2\/types\/post"}],"author":[{"embeddable":true,"href":"https:\/\/www.lab.eus\/es\/wp-json\/wp\/v2\/users\/1189"}],"replies":[{"embeddable":true,"href":"https:\/\/www.lab.eus\/es\/wp-json\/wp\/v2\/comments?post=49964"}],"version-history":[{"count":0,"href":"https:\/\/www.lab.eus\/es\/wp-json\/wp\/v2\/posts\/49964\/revisions"}],"wp:featuredmedia":[{"embeddable":true,"href":"https:\/\/www.lab.eus\/es\/wp-json\/wp\/v2\/media\/49960"}],"wp:attachment":[{"href":"https:\/\/www.lab.eus\/es\/wp-json\/wp\/v2\/media?parent=49964"}],"wp:term":[{"taxonomy":"category","embeddable":true,"href":"https:\/\/www.lab.eus\/es\/wp-json\/wp\/v2\/categories?post=49964"},{"taxonomy":"post_tag","embeddable":true,"href":"https:\/\/www.lab.eus\/es\/wp-json\/wp\/v2\/tags?post=49964"}],"curies":[{"name":"wp","href":"https:\/\/api.w.org\/{rel}","templated":true}]}}