{"id":49894,"date":"2022-07-13T12:54:18","date_gmt":"2022-07-13T12:54:18","guid":{"rendered":"https:\/\/www.lab.eus\/?p=49894"},"modified":"2022-07-13T12:54:20","modified_gmt":"2022-07-13T12:54:20","slug":"hemos-trasladado-propuestas-para-afrontar-la-reforma-laboral-a-los-partidos-de-euskal-herria-que-votaron-en-contra-asi-como-a-los-gobiernos-vasco-y-navarro","status":"publish","type":"post","link":"https:\/\/www.lab.eus\/es\/hemos-trasladado-propuestas-para-afrontar-la-reforma-laboral-a-los-partidos-de-euskal-herria-que-votaron-en-contra-asi-como-a-los-gobiernos-vasco-y-navarro\/","title":{"rendered":"Hemos trasladado propuestas para afrontar la reforma laboral a los partidos de Euskal Herria que votaron en contra, as\u00ed como a los gobiernos vasco y navarro"},"content":{"rendered":"\n<p>La reforma laboral aprobada a principios de a\u00f1o en el Congreso espa\u00f1ol no resolvi\u00f3 los principales problemas de la clase trabajadora ni derog\u00f3 las medidas m\u00e1s regresivas de la reforma laboral de 2012. En Euskal Herria tenemos la oportunidad de poner coto a las peores medidas de la reforma, y LAB ha desarrollado una propuesta al respecto. Adem\u00e1s de presentarla a las dos patronales, tambi\u00e9n se la hemos presentado a los partidos vascos que votaron en contra: Euskal Herria Bildu y el Partido Nacionalista Vasco.<\/p>\n\n\n\n<p>Esta es la propuesta presentada:<\/p>\n\n\n\n<div class=\"wp-block-file\"><a href=\"https:\/\/www.lab.eus\/wp-content\/uploads\/2022\/07\/Propuesta-para-el-acuerdo-por-un-empleo-digno.pdf\">Propuesta-para-el-acuerdo-por-un-empleo-digno<\/a><a href=\"https:\/\/www.lab.eus\/wp-content\/uploads\/2022\/07\/Propuesta-para-el-acuerdo-por-un-empleo-digno.pdf\" class=\"wp-block-file__button\" download>Deskargatu<\/a><\/div>\n\n\n\n<p>En enero ya dijimos que era el momento de emprender una hoja de ruta vasca, ya que no hubo contrareforma, sino una victoria de la CEOE: no se derog\u00f3 la reforma laboral anterior y las medidas m\u00e1s regresivas se mantuvieron. Tambi\u00e9n entonces dec\u00edamos que deb\u00edamos obstaculizar la aplicaci\u00f3n de la reforma laboral y luchar en Euskal Herria la transformaci\u00f3n que necesita la clase trabajadora. En ese camino proponemos el C\u00f3digo Laboral propio para Euskal Herria.<\/p>\n\n\n\n<p>LAB ha seguido trabajando estos \u00faltimos meses. Creemos que es hora de desactivar la reforma laboral y llegar a acuerdos para mejorar las condiciones laborales y de vida de la clase trabajadora, porque la situaci\u00f3n lo requiere y el empobrecimiento de la clase trabajadora es una realidad que se extiende d\u00eda a d\u00eda. En ese sentido, trasladamos a las patronales CEN y Confebask una propuesta con el objetivo de consensuar mediante cinco acuerdos en materia concreta la garant\u00eda de unas condiciones m\u00ednimas de trabajo para las y los trabajadores de Hego Euskal Herria. Dicha propuesta la enviamos en noviembre y todav\u00eda no hemos recibido ninguna respuesta por parte de ellos. La firma de dichos acuerdos supondr\u00eda una mejora sustancial de las condiciones laborales de los y las trabajadoras, por lo que animamos a ambas patronales a dejar de deso\u00edr nuestras exigencias y posicionarse a favor de los acuerdos.<\/p>\n\n\n\n<p>Pero somos conscientes de que las patronales no se van a mover sin m\u00e1s raz\u00f3n, a no ser que sientan la presi\u00f3n de la sociedad y de las instituciones. Por ello decidimos compartir nuestra propuesta con los partidos, instituciones y agentes sindicales y sociales de Euskal Herria. Lo hemos presentado por un lado a los partidos pol\u00edticos que votaron en contra de la reforma laboral en el Congreso del Estado espa\u00f1ol (Euskal Herria Bildu y el Partido Nacionalista Vasco), as\u00ed como a los gobiernos vasco y navarro, reclamando su posicionamiento y apoyo en torno a nuestra propuesta, y esperamos que su postura sea favorable a los acuerdos.<\/p>\n\n\n\n<p>En los pr\u00f3ximos meses seguiremos explicando nuestra propuesta al resto de sindicatos que conforman la mayor\u00eda sindical y agentes sociales y seguiremos trabajando para materializar dichos acuerdos. Es hora de conformar acuerdos amplios, de afrontar la reforma laboral defendiendo los derechos de la clase trabajadora. Haremos posible en Euskal Herria lo que no es posible en Madrid.<\/p>\n","protected":false},"excerpt":{"rendered":"<p>La reforma laboral aprobada a principios de a\u00f1o en el Congreso espa\u00f1ol no resolvi\u00f3 los principales problemas de la clase trabajadora ni derog\u00f3 las medidas m\u00e1s regresivas de la reforma laboral de 2012. En Euskal Herria tenemos la oportunidad de poner coto a las peores medidas de la reforma, y LAB ha desarrollado una propuesta al respecto. Adem\u00e1s de presentarla a las dos patronales, tambi\u00e9n se la hemos presentado a los partidos vascos que votaron en contra: Euskal Herria Bildu y el Partido Nacionalista Vasco.<\/p>\n","protected":false},"author":1191,"featured_media":49887,"comment_status":"closed","ping_status":"closed","sticky":false,"template":"","format":"standard","meta":{"_monsterinsights_skip_tracking":false,"_monsterinsights_sitenote_active":false,"_monsterinsights_sitenote_note":"","_monsterinsights_sitenote_category":0,"footnotes":"","_links_to":"","_links_to_target":""},"categories":[3402,18,2867],"tags":[3445,3033,3178,3496],"class_list":{"0":"post-49894","1":"post","2":"type-post","3":"status-publish","4":"format-standard","5":"has-post-thumbnail","7":"category-accion-politica","8":"category-es-accion-sindical","9":"category-federaciones","10":"tag-accion-politica","11":"tag-accion-sindical-es","12":"tag-destacado-1","13":"tag-reforma-laboral-2"},"_links":{"self":[{"href":"https:\/\/www.lab.eus\/es\/wp-json\/wp\/v2\/posts\/49894","targetHints":{"allow":["GET"]}}],"collection":[{"href":"https:\/\/www.lab.eus\/es\/wp-json\/wp\/v2\/posts"}],"about":[{"href":"https:\/\/www.lab.eus\/es\/wp-json\/wp\/v2\/types\/post"}],"author":[{"embeddable":true,"href":"https:\/\/www.lab.eus\/es\/wp-json\/wp\/v2\/users\/1191"}],"replies":[{"embeddable":true,"href":"https:\/\/www.lab.eus\/es\/wp-json\/wp\/v2\/comments?post=49894"}],"version-history":[{"count":0,"href":"https:\/\/www.lab.eus\/es\/wp-json\/wp\/v2\/posts\/49894\/revisions"}],"wp:featuredmedia":[{"embeddable":true,"href":"https:\/\/www.lab.eus\/es\/wp-json\/wp\/v2\/media\/49887"}],"wp:attachment":[{"href":"https:\/\/www.lab.eus\/es\/wp-json\/wp\/v2\/media?parent=49894"}],"wp:term":[{"taxonomy":"category","embeddable":true,"href":"https:\/\/www.lab.eus\/es\/wp-json\/wp\/v2\/categories?post=49894"},{"taxonomy":"post_tag","embeddable":true,"href":"https:\/\/www.lab.eus\/es\/wp-json\/wp\/v2\/tags?post=49894"}],"curies":[{"name":"wp","href":"https:\/\/api.w.org\/{rel}","templated":true}]}}