{"id":49868,"date":"2022-07-12T09:57:28","date_gmt":"2022-07-12T09:57:28","guid":{"rendered":"https:\/\/www.lab.eus\/?p=49868"},"modified":"2022-07-12T09:57:29","modified_gmt":"2022-07-12T09:57:29","slug":"la-plantilla-de-siemens-gamesa-de-asteasu-inicia-paros-porque-el-futuro-de-la-empresa-y-el-de-la-division-get-en-la-que-esta-situada-estan-en-el-aire","status":"publish","type":"post","link":"https:\/\/www.lab.eus\/es\/la-plantilla-de-siemens-gamesa-de-asteasu-inicia-paros-porque-el-futuro-de-la-empresa-y-el-de-la-division-get-en-la-que-esta-situada-estan-en-el-aire\/","title":{"rendered":"La plantilla de Siemens Gamesa de Asteasu inicia paros porque el futuro de la empresa y el de la divisi\u00f3n GET en la que est\u00e1 situada est\u00e1n en el aire"},"content":{"rendered":"\n<p>La planta de Asteasu est\u00e1 situada dentro de la divisi\u00f3n GET de Siemens Gamesa GET y cuenta con 200 trabajadores y trabajadoras. El comit\u00e9 de empresa est\u00e1 compuesto por 7 representantes de LAB y 2 independientes. En la asamblea celebrada ayer, 11 de julio, las los trabajadores decidieron secundar paros durante cinco d\u00edas porque el futuro de la empresa est\u00e1 en el aire. Hoy, ma\u00f1ana y pasado realizar\u00e1n un paro de una hora por turno (trabajan en tres turnos) y los d\u00edas 18 y 19 de julio, realizar\u00e1n paros de dos horas por turno.<\/p>\n\n\n\n<p>La incertidumbre ante la posible venta de Siemens Gamesa hace que las y los trabajadores exijan a la empresa la garant\u00eda de los puestos de trabajo, el mantenimiento de las condiciones laborales y un plan industrial para la planta de Asteasu. <\/p>\n\n\n\n<p>LAB tambi\u00e9n ha trasladado su preocupaci\u00f3n por el futuro del proyecto al Gobierno Vasco y al resto de instituciones y les exige una actitud firme en la defensa del empleo, la tecnolog\u00eda y los espacios productivos.<\/p>\n","protected":false},"excerpt":{"rendered":"<p>La planta de Asteasu est\u00e1 situada dentro de la divisi\u00f3n GET de Siemens Gamesa GET y cuenta con 200 trabajadores y trabajadoras. El comit\u00e9 de empresa est\u00e1 compuesto por 7 representantes de LAB y 2 independientes. En la asamblea celebrada ayer, 11 de julio, las los trabajadores decidieron secundar paros durante cinco d\u00edas porque el futuro de la empresa est\u00e1 en el aire. Hoy, ma\u00f1ana y pasado realizar\u00e1n un paro de una hora por turno (trabajan en tres turnos) y los d\u00edas 18 y 19 de julio, realizar\u00e1n paros de dos horas por turno.<\/p>\n","protected":false},"author":1191,"featured_media":49866,"comment_status":"closed","ping_status":"closed","sticky":false,"template":"","format":"standard","meta":{"_monsterinsights_skip_tracking":false,"_monsterinsights_sitenote_active":false,"_monsterinsights_sitenote_note":"","_monsterinsights_sitenote_category":0,"footnotes":"","_links_to":"","_links_to_target":""},"categories":[18,2867,2868,108],"tags":[3033,3178,3066,2996,3064,3561,3562],"class_list":{"0":"post-49868","1":"post","2":"type-post","3":"status-publish","4":"format-standard","5":"has-post-thumbnail","7":"category-es-accion-sindical","8":"category-federaciones","9":"category-industria-es","10":"category-es-metal","11":"tag-accion-sindical-es","12":"tag-destacado-1","13":"tag-federaciones-es","14":"tag-industria-es","15":"tag-metal-es","16":"tag-siemens-gamesa-2","17":"tag-siemens-gamesa-asteasu"},"_links":{"self":[{"href":"https:\/\/www.lab.eus\/es\/wp-json\/wp\/v2\/posts\/49868","targetHints":{"allow":["GET"]}}],"collection":[{"href":"https:\/\/www.lab.eus\/es\/wp-json\/wp\/v2\/posts"}],"about":[{"href":"https:\/\/www.lab.eus\/es\/wp-json\/wp\/v2\/types\/post"}],"author":[{"embeddable":true,"href":"https:\/\/www.lab.eus\/es\/wp-json\/wp\/v2\/users\/1191"}],"replies":[{"embeddable":true,"href":"https:\/\/www.lab.eus\/es\/wp-json\/wp\/v2\/comments?post=49868"}],"version-history":[{"count":0,"href":"https:\/\/www.lab.eus\/es\/wp-json\/wp\/v2\/posts\/49868\/revisions"}],"wp:featuredmedia":[{"embeddable":true,"href":"https:\/\/www.lab.eus\/es\/wp-json\/wp\/v2\/media\/49866"}],"wp:attachment":[{"href":"https:\/\/www.lab.eus\/es\/wp-json\/wp\/v2\/media?parent=49868"}],"wp:term":[{"taxonomy":"category","embeddable":true,"href":"https:\/\/www.lab.eus\/es\/wp-json\/wp\/v2\/categories?post=49868"},{"taxonomy":"post_tag","embeddable":true,"href":"https:\/\/www.lab.eus\/es\/wp-json\/wp\/v2\/tags?post=49868"}],"curies":[{"name":"wp","href":"https:\/\/api.w.org\/{rel}","templated":true}]}}