{"id":49859,"date":"2022-07-12T08:08:10","date_gmt":"2022-07-12T08:08:10","guid":{"rendered":"https:\/\/www.lab.eus\/?p=49859"},"modified":"2022-07-12T08:08:12","modified_gmt":"2022-07-12T08:08:12","slug":"nos-sumamos-a-la-caravana-abriendo-fronteras-pirineos-alpes-2022-y-hacemos-un-llamamiento-a-participar-en-la-misma","status":"publish","type":"post","link":"https:\/\/www.lab.eus\/es\/nos-sumamos-a-la-caravana-abriendo-fronteras-pirineos-alpes-2022-y-hacemos-un-llamamiento-a-participar-en-la-misma\/","title":{"rendered":"Nos sumamos a la caravana Abriendo Fronteras Pirineos-Alpes 2022 y hacemos un llamamiento a participar en la misma"},"content":{"rendered":"\n<p>Desde LAB nos sumamos a la <a href=\"https:\/\/abriendofronteras.net\/pirineosalpes2022\/anuncio\/\">caravana europea e internacional Abriendo Fronteras, Pirineos-Alpes 2022<\/a> e invitamos a todas y todos a participar en la misma, especialmente en las <a href=\"https:\/\/abriendofronteras.net\/pirineosalpes2022\/programa\/\">actividades del 15 y 16 de julio en Ir\u00fan y Hendaia.<\/a><\/p>\n\n\n\n<p>Lo que est\u00e1 sucediendo en las fronteras y en los territorios es de una absoluta verg\u00fcenza. Tiene responsables pol\u00edticos y responde a objetivos bien concretos. As\u00ed lo corroboran el reciente pacto firmado entre los gobiernos espa\u00f1ol y marroqu\u00ed y los acuerdos alcanzados en la pasada cumbre de la OTAN celebrada el 30 de junio en Madrid. Los gobiernos imperialistas y el capital global corporativo act\u00faan de manera conjunta. Miles de personas que migran en busca de oportunidades se convierten en moneda de cambio entre potencias.<\/p>\n\n\n\n<p>La Europa fortaleza y los gobiernos espa\u00f1ol y franc\u00e9s son c\u00f3mplices de una de las masacres m\u00e1s sangrientes de la historia. No m\u00e1s Tarajal, no m\u00e1s Nador-Melilla, no m\u00e1s muertes en el r\u00edo Bidasoa.<\/p>\n\n\n\n<p>Las pol\u00edticas migratorias europeas y estatales, la militarizaci\u00f3n de las fronteras, la vulneraci\u00f3n de derechos fundamentales de las personas migrantes y en tr\u00e1nsito, la proliferaci\u00f3n de centros de internamiento para personas \u201cextranjeras\u201d, la necropl\u00edtica y la criminalizaci\u00f3n de la solidaridad son parte de una tendencia global que va en aumento y tenemos que frenar. El neo-fascismo y las derechas renovadas ganan terreno en los discursos y en las pol\u00edticas de los gobiernos.<\/p>\n\n\n\n<p>Desde LAB decimos no al racismo social, institucional, judicial y de las fuerzas de seguridad. Como organizaci\u00f3n socio-sindical creemos Euskal Herria tiene que ser un tierra de acogida y en esa direcci\u00f3n trabajamos, con una praxis sindical antirracista que defienda y promueva los derechos de todas las personas trabajadoras y precarias todos los d\u00edas e independientemente del color de las pieles o el status de extranjer\u00eda.<\/p>\n\n\n\n<p>Exigimos oportunidades y condiciones dignas de empleo y de acogida para desarrollar sus vidas en Euskal Herria; y para que si deciden seguir el viaje no mueran en el camino. Decimos no a la frontera de la muerte impuesta entre Irun-Hendaia. Venimos denunciando el \u00faltimo a\u00f1o lo que sucede all\u00ed con los controles por perfil \u00e9tnico-racial, la militarizaci\u00f3n y las devoluciones. Exigimos a las administraciones infraestructuras p\u00fablicas de acogida.&nbsp;<\/p>\n\n\n\n<p>No m\u00e1s muertes en las fronteras. Tr\u00e1nsitos y v\u00edas seguras para la movilidad de las personas. Oportunidades y derechos para todas. Regularizaci\u00f3n ya.<\/p>\n\n\n\n<p>Viva la solidaridad organizada entre los pueblos. \u00a1Con nosotras no podr\u00e1n!<\/p>\n","protected":false},"excerpt":{"rendered":"<p>Desde LAB nos sumamos a la caravana europea e internacional Abriendo Fronteras, Pirineos-Alpes 2022 e invitamos a todas y todos a participar en la misma, especialmente en las actividades del 15 y 16 de julio en Ir\u00fan y Hendaia.<\/p>\n","protected":false},"author":1191,"featured_media":49857,"comment_status":"closed","ping_status":"closed","sticky":false,"template":"","format":"standard","meta":{"_monsterinsights_skip_tracking":false,"_monsterinsights_sitenote_active":false,"_monsterinsights_sitenote_note":"","_monsterinsights_sitenote_category":0,"footnotes":"","_links_to":"","_links_to_target":""},"categories":[2994],"tags":[3558,3182,3559,3178,3557,3540,3541],"class_list":{"0":"post-49859","1":"post","2":"type-post","3":"status-publish","4":"format-standard","5":"has-post-thumbnail","7":"category-accion-social","8":"tag-abriendo-fronteras","9":"tag-accion-social-es","10":"tag-caravana-abriendo-fronteras","11":"tag-destacado-1","12":"tag-fronteras","13":"tag-migraciones","14":"tag-migrantes"},"_links":{"self":[{"href":"https:\/\/www.lab.eus\/es\/wp-json\/wp\/v2\/posts\/49859","targetHints":{"allow":["GET"]}}],"collection":[{"href":"https:\/\/www.lab.eus\/es\/wp-json\/wp\/v2\/posts"}],"about":[{"href":"https:\/\/www.lab.eus\/es\/wp-json\/wp\/v2\/types\/post"}],"author":[{"embeddable":true,"href":"https:\/\/www.lab.eus\/es\/wp-json\/wp\/v2\/users\/1191"}],"replies":[{"embeddable":true,"href":"https:\/\/www.lab.eus\/es\/wp-json\/wp\/v2\/comments?post=49859"}],"version-history":[{"count":0,"href":"https:\/\/www.lab.eus\/es\/wp-json\/wp\/v2\/posts\/49859\/revisions"}],"wp:featuredmedia":[{"embeddable":true,"href":"https:\/\/www.lab.eus\/es\/wp-json\/wp\/v2\/media\/49857"}],"wp:attachment":[{"href":"https:\/\/www.lab.eus\/es\/wp-json\/wp\/v2\/media?parent=49859"}],"wp:term":[{"taxonomy":"category","embeddable":true,"href":"https:\/\/www.lab.eus\/es\/wp-json\/wp\/v2\/categories?post=49859"},{"taxonomy":"post_tag","embeddable":true,"href":"https:\/\/www.lab.eus\/es\/wp-json\/wp\/v2\/tags?post=49859"}],"curies":[{"name":"wp","href":"https:\/\/api.w.org\/{rel}","templated":true}]}}