{"id":49773,"date":"2022-07-07T13:34:53","date_gmt":"2022-07-07T13:34:53","guid":{"rendered":"https:\/\/www.lab.eus\/?p=49773"},"modified":"2022-07-07T15:06:50","modified_gmt":"2022-07-07T15:06:50","slug":"reivindicamos-vias-seguras-para-las-personas-migrantes-y-exigimos-la-libertad-inmediata-de-nuestro-companero-enaut-aramendi","status":"publish","type":"post","link":"https:\/\/www.lab.eus\/es\/reivindicamos-vias-seguras-para-las-personas-migrantes-y-exigimos-la-libertad-inmediata-de-nuestro-companero-enaut-aramendi\/","title":{"rendered":"Reivindicamos v\u00edas seguras para las personas migrantes y denunciamos la detenci\u00f3n de nuestro compa\u00f1ero E\u00f1aut Aramendi"},"content":{"rendered":"\n<p>En varias ocasiones hemos denunciado que la frontera militarizada entre Irun y Hendaia se est\u00e1 convirtiendo en una pena de muerte para las personas migradas. En lo que va de a\u00f1o son al menos 7 las personas fallecidas en los intentos de cruzar la frontera. Obligadas a huir de la guerra, el empobrecimiento y la miseria, llegan a nuestro pa\u00eds y encuentran obst\u00e1culos insalvables en la frontera impuesta en Euskal Herria.<\/p>\n\n\n\n<p>Los controles policiales racistas y las pol\u00edticas migratorias asesinas obligan a las personas en proceso migratorio a arriesgar su vida para cruzar la frontera cada d\u00eda.<\/p>\n\n\n\n<p>La falta de voluntad pol\u00edtica es evidente por parte de las instituciones vascas. Tanto por parte del Euskal Elkargoa como del Gobierno Vasco mas all\u00e1 de palabras bonitas, poco han para ofrecer una salida digna a esta cruda realidad. Necesitamos una firme oposici\u00f3n a los controles policiales y contundentes iniciativas para su desaparici\u00f3n, as\u00ed como v\u00edas seguras y pol\u00edticas de acogida valientes.<\/p>\n\n\n\n<p>Desafiando la falta de medidas pol\u00edticas institucionales, se responde cada d\u00eda a trav\u00e9s de la labor pol\u00edtica militante a esta crueldad racista y criminal. Son muchss las personas inmersas en esta labor militante. Y E\u00f1aut Aramendi, miembro de LAB, es uno de esos militantes. Convencido de que para hacer frente al racismo hace falta acci\u00f3n antiracista, E\u00f1aut trabaja solidariamente con multitud de compa\u00f1eros y compa\u00f1eras para hacer m\u00e1s segura su trayectoria a las personas migrantes.<\/p>\n\n\n\n<p>Por eso queremos denunciar duramente la detenci\u00f3n de hoy.<\/p>\n\n\n\n<p>Porque nadie es ilegal, porque queremos que Euskal Herria sea un pueblo de acogida, hagamos frente a las pol\u00edticas migratorias racistas.<\/p>\n","protected":false},"excerpt":{"rendered":"<p>En varias ocasiones hemos denunciado que la frontera militarizada entre Irun y Hendaia se est\u00e1 convirtiendo en una pena de muerte para las personas migradas. En lo que va de a\u00f1o son al menos 7 las personas fallecidas en los intentos de cruzar la frontera. Obligadas a huir de la guerra, el empobrecimiento y la miseria, llegan a nuestro pa\u00eds y encuentran obst\u00e1culos insalvables en la frontera impuesta en Euskal Herria.<\/p>\n","protected":false},"author":1191,"featured_media":49774,"comment_status":"closed","ping_status":"closed","sticky":false,"template":"","format":"standard","meta":{"_monsterinsights_skip_tracking":false,"_monsterinsights_sitenote_active":false,"_monsterinsights_sitenote_note":"","_monsterinsights_sitenote_category":0,"footnotes":"","_links_to":"","_links_to_target":""},"categories":[2994],"tags":[3182,3178,3248,3540,3541,4119],"class_list":{"0":"post-49773","1":"post","2":"type-post","3":"status-publish","4":"format-standard","5":"has-post-thumbnail","7":"category-accion-social","8":"tag-accion-social-es","9":"tag-destacado-1","10":"tag-migracion","11":"tag-migraciones","12":"tag-migrantes","13":"tag-secretaria-antirracista-es"},"_links":{"self":[{"href":"https:\/\/www.lab.eus\/es\/wp-json\/wp\/v2\/posts\/49773","targetHints":{"allow":["GET"]}}],"collection":[{"href":"https:\/\/www.lab.eus\/es\/wp-json\/wp\/v2\/posts"}],"about":[{"href":"https:\/\/www.lab.eus\/es\/wp-json\/wp\/v2\/types\/post"}],"author":[{"embeddable":true,"href":"https:\/\/www.lab.eus\/es\/wp-json\/wp\/v2\/users\/1191"}],"replies":[{"embeddable":true,"href":"https:\/\/www.lab.eus\/es\/wp-json\/wp\/v2\/comments?post=49773"}],"version-history":[{"count":0,"href":"https:\/\/www.lab.eus\/es\/wp-json\/wp\/v2\/posts\/49773\/revisions"}],"wp:featuredmedia":[{"embeddable":true,"href":"https:\/\/www.lab.eus\/es\/wp-json\/wp\/v2\/media\/49774"}],"wp:attachment":[{"href":"https:\/\/www.lab.eus\/es\/wp-json\/wp\/v2\/media?parent=49773"}],"wp:term":[{"taxonomy":"category","embeddable":true,"href":"https:\/\/www.lab.eus\/es\/wp-json\/wp\/v2\/categories?post=49773"},{"taxonomy":"post_tag","embeddable":true,"href":"https:\/\/www.lab.eus\/es\/wp-json\/wp\/v2\/tags?post=49773"}],"curies":[{"name":"wp","href":"https:\/\/api.w.org\/{rel}","templated":true}]}}