{"id":49652,"date":"2022-07-01T10:07:36","date_gmt":"2022-07-01T10:07:36","guid":{"rendered":"https:\/\/www.lab.eus\/?p=49652"},"modified":"2022-07-01T10:17:38","modified_gmt":"2022-07-01T10:17:38","slug":"las-y-los-trabajadores-del-metal-de-bizkaia-vuelven-a-exigir-a-la-patronal-que-se-siente-a-negociar-y-ofrezca-contenidos","status":"publish","type":"post","link":"https:\/\/www.lab.eus\/es\/las-y-los-trabajadores-del-metal-de-bizkaia-vuelven-a-exigir-a-la-patronal-que-se-siente-a-negociar-y-ofrezca-contenidos\/","title":{"rendered":"Las y los trabajadores del metal de Bizkaia vuelven a exigir a la patronal que se siente a negociar y ofrezca contenidos"},"content":{"rendered":"\n<p>Las y los trabajadores del metal de Bizkaia han secundado la tercera jornada de huelga del a\u00f1o, dando continuidad <a href=\"https:\/\/www.lab.eus\/es\/los-y-las-trabajadoras-del-metal-de-bizkaia-y-araba-han-parado-las-fabricas-para-llenar-las-calles\/\">a la jornada de movilizaciones del jueves<\/a>. Han vuelto a vaciar los centros de trabajo y a llenar las calles en defensa de un convenio digno. Han exigido a la patronal, en la multitudinaria manifestaci\u00f3n realizada en Bilbo, que se siente a negociar y ofrezca contenidos.<\/p>\n\n\n\n<p>La producci\u00f3n se ha vuelto a interrumpir en empresas emblem\u00e1ticas de Bizkaia como ITP, Arteche o Estampaciones Bizkaia. En numerosas peque\u00f1as empresas el seguimiento de la huelga tambi\u00e9n ha sido amplio.<\/p>\n\n\n\n<p>Lamentablemente, una vez m\u00e1s, se ha querido pisotear el derecho a un convenio justo. Desde LAB, queremos denunciar en\u00e9rgicamente la brutalidad policial, la actitud violenta contra los derechos de las y los trabajadores en estas jornadas de huelga, los golpes, las identificaciones, los registros, los cacheos, las detenciones&#8230; \u00a1Basta!<\/p>\n\n\n\n<p>Est\u00e1 claro que la patronal FVEM ha tomado el camino del conflicto. Le exigimos que abandone su postura. Le pedimos que escuche las reivindicaciones de los miles de trabajadores y trabajadoras que estos d\u00edas han salido a la calle y que han estado luchando. Las y los trabajadores lo tienen claro: vamos a seguir luchando hasta conseguir un acuerdo justo.<\/p>\n\n\n\n<p>Las amenazas de la patronal y la violencia policial no nos van a amedrentar. Y es que las y los trabajadores del metal de Bizkaia, al igual que las y los trabajadores de otros sectores y herrialdes que est\u00e1n en lucha en Euskal Herria, seguir\u00e1n firmes para evitar que las condiciones de trabajo y de vida empeoren.<\/p>\n\n\n\n<p>Ante todas las dificultades, ante las amenazas y presiones de patronal y de la polic\u00eda, ha prevalecido la solidaridad y el compromiso entre trabajadores y trabajadoras. La huelga ha tenido un amplio seguimiento y hemos dado un paso importante en la lucha por un convenio digno. A la patronal FVEM le toca ahora dar nuevos pasos con responsabilidad.<\/p>\n\n\n\n<figure class=\"wp-block-gallery columns-3 is-cropped wp-block-gallery-1 is-layout-flex wp-block-gallery-is-layout-flex\"><ul class=\"blocks-gallery-grid\"><li class=\"blocks-gallery-item\"><figure><img loading=\"lazy\" decoding=\"async\" width=\"1024\" height=\"769\" src=\"https:\/\/www.lab.eus\/wp-content\/uploads\/2022\/07\/2-1024x769.jpeg\" alt=\"\" data-id=\"49643\" data-link=\"https:\/\/www.lab.eus\/?attachment_id=49643\" class=\"wp-image-49643\" srcset=\"https:\/\/www.lab.eus\/wp-content\/uploads\/2022\/07\/2-1024x769.jpeg 1024w, https:\/\/www.lab.eus\/wp-content\/uploads\/2022\/07\/2-300x225.jpeg 300w, https:\/\/www.lab.eus\/wp-content\/uploads\/2022\/07\/2-768x577.jpeg 768w, https:\/\/www.lab.eus\/wp-content\/uploads\/2022\/07\/2-150x113.jpeg 150w, https:\/\/www.lab.eus\/wp-content\/uploads\/2022\/07\/2-696x523.jpeg 696w, https:\/\/www.lab.eus\/wp-content\/uploads\/2022\/07\/2-1068x802.jpeg 1068w, https:\/\/www.lab.eus\/wp-content\/uploads\/2022\/07\/2-559x420.jpeg 559w, https:\/\/www.lab.eus\/wp-content\/uploads\/2022\/07\/2-80x60.jpeg 80w, https:\/\/www.lab.eus\/wp-content\/uploads\/2022\/07\/2-265x198.jpeg 265w, https:\/\/www.lab.eus\/wp-content\/uploads\/2022\/07\/2.jpeg 1280w\" sizes=\"auto, (max-width: 1024px) 100vw, 1024px\" \/><\/figure><\/li><li class=\"blocks-gallery-item\"><figure><img loading=\"lazy\" decoding=\"async\" width=\"1024\" height=\"769\" src=\"https:\/\/www.lab.eus\/wp-content\/uploads\/2022\/07\/3-1024x769.jpeg\" alt=\"\" data-id=\"49645\" data-link=\"https:\/\/www.lab.eus\/?attachment_id=49645\" class=\"wp-image-49645\" srcset=\"https:\/\/www.lab.eus\/wp-content\/uploads\/2022\/07\/3-1024x769.jpeg 1024w, https:\/\/www.lab.eus\/wp-content\/uploads\/2022\/07\/3-300x225.jpeg 300w, https:\/\/www.lab.eus\/wp-content\/uploads\/2022\/07\/3-768x577.jpeg 768w, https:\/\/www.lab.eus\/wp-content\/uploads\/2022\/07\/3-150x113.jpeg 150w, https:\/\/www.lab.eus\/wp-content\/uploads\/2022\/07\/3-696x523.jpeg 696w, https:\/\/www.lab.eus\/wp-content\/uploads\/2022\/07\/3-1068x802.jpeg 1068w, https:\/\/www.lab.eus\/wp-content\/uploads\/2022\/07\/3-559x420.jpeg 559w, https:\/\/www.lab.eus\/wp-content\/uploads\/2022\/07\/3-80x60.jpeg 80w, https:\/\/www.lab.eus\/wp-content\/uploads\/2022\/07\/3-265x198.jpeg 265w, https:\/\/www.lab.eus\/wp-content\/uploads\/2022\/07\/3.jpeg 1280w\" sizes=\"auto, (max-width: 1024px) 100vw, 1024px\" \/><\/figure><\/li><li class=\"blocks-gallery-item\"><figure><img loading=\"lazy\" decoding=\"async\" width=\"1024\" height=\"830\" src=\"https:\/\/www.lab.eus\/wp-content\/uploads\/2022\/07\/4-1024x830.jpeg\" alt=\"\" data-id=\"49647\" data-full-url=\"https:\/\/www.lab.eus\/wp-content\/uploads\/2022\/07\/4.jpeg\" data-link=\"https:\/\/www.lab.eus\/?attachment_id=49647\" class=\"wp-image-49647\" srcset=\"https:\/\/www.lab.eus\/wp-content\/uploads\/2022\/07\/4-1024x830.jpeg 1024w, https:\/\/www.lab.eus\/wp-content\/uploads\/2022\/07\/4-300x243.jpeg 300w, https:\/\/www.lab.eus\/wp-content\/uploads\/2022\/07\/4-768x622.jpeg 768w, https:\/\/www.lab.eus\/wp-content\/uploads\/2022\/07\/4-150x122.jpeg 150w, https:\/\/www.lab.eus\/wp-content\/uploads\/2022\/07\/4-696x564.jpeg 696w, https:\/\/www.lab.eus\/wp-content\/uploads\/2022\/07\/4-1068x865.jpeg 1068w, https:\/\/www.lab.eus\/wp-content\/uploads\/2022\/07\/4-518x420.jpeg 518w, https:\/\/www.lab.eus\/wp-content\/uploads\/2022\/07\/4.jpeg 1280w\" sizes=\"auto, (max-width: 1024px) 100vw, 1024px\" \/><\/figure><\/li><\/ul><\/figure>\n","protected":false},"excerpt":{"rendered":"<p>Las y los trabajadores del metal de Bizkaia han llevado a cabo la tercera jornada de huelga del a\u00f1o y han realizado una multitudinaria manifestaci\u00f3n en Bilbo. La huelga ha tenido un amplio seguimiento y hemos dado un paso importante en la lucha por un convenio digno. A la patronal FVEM le toca ahora dar nuevos pasos con responsabilidad.<\/p>\n","protected":false},"author":1189,"featured_media":49642,"comment_status":"closed","ping_status":"closed","sticky":false,"template":"","format":"standard","meta":{"_monsterinsights_skip_tracking":false,"_monsterinsights_sitenote_active":false,"_monsterinsights_sitenote_note":"","_monsterinsights_sitenote_category":0,"footnotes":"","_links_to":"","_links_to_target":""},"categories":[18,2868,108,3283],"tags":[3033,3178,2996,3064],"class_list":{"0":"post-49652","1":"post","2":"type-post","3":"status-publish","4":"format-standard","5":"has-post-thumbnail","7":"category-es-accion-sindical","8":"category-industria-es","9":"category-es-metal","10":"category-sin-categorizar","11":"tag-accion-sindical-es","12":"tag-destacado-1","13":"tag-industria-es","14":"tag-metal-es"},"_links":{"self":[{"href":"https:\/\/www.lab.eus\/es\/wp-json\/wp\/v2\/posts\/49652","targetHints":{"allow":["GET"]}}],"collection":[{"href":"https:\/\/www.lab.eus\/es\/wp-json\/wp\/v2\/posts"}],"about":[{"href":"https:\/\/www.lab.eus\/es\/wp-json\/wp\/v2\/types\/post"}],"author":[{"embeddable":true,"href":"https:\/\/www.lab.eus\/es\/wp-json\/wp\/v2\/users\/1189"}],"replies":[{"embeddable":true,"href":"https:\/\/www.lab.eus\/es\/wp-json\/wp\/v2\/comments?post=49652"}],"version-history":[{"count":0,"href":"https:\/\/www.lab.eus\/es\/wp-json\/wp\/v2\/posts\/49652\/revisions"}],"wp:featuredmedia":[{"embeddable":true,"href":"https:\/\/www.lab.eus\/es\/wp-json\/wp\/v2\/media\/49642"}],"wp:attachment":[{"href":"https:\/\/www.lab.eus\/es\/wp-json\/wp\/v2\/media?parent=49652"}],"wp:term":[{"taxonomy":"category","embeddable":true,"href":"https:\/\/www.lab.eus\/es\/wp-json\/wp\/v2\/categories?post=49652"},{"taxonomy":"post_tag","embeddable":true,"href":"https:\/\/www.lab.eus\/es\/wp-json\/wp\/v2\/tags?post=49652"}],"curies":[{"name":"wp","href":"https:\/\/api.w.org\/{rel}","templated":true}]}}