{"id":49627,"date":"2022-07-01T09:26:33","date_gmt":"2022-07-01T09:26:33","guid":{"rendered":"https:\/\/www.lab.eus\/?p=49627"},"modified":"2022-07-01T09:28:07","modified_gmt":"2022-07-01T09:28:07","slug":"las-trabajadoras-de-las-residencias-de-mayores-de-gipuzkoa-han-llevado-a-adegi-la-reclamacion-de-un-convenio-digno","status":"publish","type":"post","link":"https:\/\/www.lab.eus\/es\/las-trabajadoras-de-las-residencias-de-mayores-de-gipuzkoa-han-llevado-a-adegi-la-reclamacion-de-un-convenio-digno\/","title":{"rendered":"Las trabajadoras de las residencias de mayores de Gipuzkoa han llevado a ADEGI la reclamaci\u00f3n de un convenio digno"},"content":{"rendered":"\n<p>Las trabajadoras de las residencias de mayores de Gipuzkoa han secundado esta semana dos jornadas m\u00e1s de huelga, otras dos jornadas de movilizaciones en defensa de un convenio digno y de un servicio de calidad. Despu\u00e9s de denunciar la v\u00edspera <a href=\"https:\/\/www.lab.eus\/es\/hemos-cortado-el-acceso-a-donostia-por-amara-para-denunciar-el-bloqueo-de-la-mesa-de-negociacion-de-las-residencias-de-mayores-de-gipuzkoa\/\">mediante una acci\u00f3n directa<\/a> el bloqueo de la mesa de negociaci\u00f3n, nos hemos manifestado el viernes en Donostia y nos hemos dirigido a la sede de ADEGI para denunciar, una vez m\u00e1s, la situaci\u00f3n insostenible que viven las trabajadoras.<\/p>\n\n\n\n<figure class=\"wp-block-gallery columns-1 is-cropped wp-block-gallery-1 is-layout-flex wp-block-gallery-is-layout-flex\"><ul class=\"blocks-gallery-grid\"><li class=\"blocks-gallery-item\"><figure><img loading=\"lazy\" decoding=\"async\" width=\"1024\" height=\"768\" src=\"https:\/\/www.lab.eus\/wp-content\/uploads\/2022\/07\/Egoitzak3-1024x768.jpeg\" alt=\"\" data-id=\"49631\" data-full-url=\"https:\/\/www.lab.eus\/wp-content\/uploads\/2022\/07\/Egoitzak3.jpeg\" data-link=\"https:\/\/www.lab.eus\/es\/?attachment_id=49631\" class=\"wp-image-49631\" srcset=\"https:\/\/www.lab.eus\/wp-content\/uploads\/2022\/07\/Egoitzak3-1024x768.jpeg 1024w, https:\/\/www.lab.eus\/wp-content\/uploads\/2022\/07\/Egoitzak3-300x225.jpeg 300w, https:\/\/www.lab.eus\/wp-content\/uploads\/2022\/07\/Egoitzak3-768x576.jpeg 768w, https:\/\/www.lab.eus\/wp-content\/uploads\/2022\/07\/Egoitzak3-1536x1152.jpeg 1536w, https:\/\/www.lab.eus\/wp-content\/uploads\/2022\/07\/Egoitzak3-2048x1536.jpeg 2048w, https:\/\/www.lab.eus\/wp-content\/uploads\/2022\/07\/Egoitzak3-150x113.jpeg 150w, https:\/\/www.lab.eus\/wp-content\/uploads\/2022\/07\/Egoitzak3-696x522.jpeg 696w, https:\/\/www.lab.eus\/wp-content\/uploads\/2022\/07\/Egoitzak3-1068x801.jpeg 1068w, https:\/\/www.lab.eus\/wp-content\/uploads\/2022\/07\/Egoitzak3-1920x1440.jpeg 1920w, https:\/\/www.lab.eus\/wp-content\/uploads\/2022\/07\/Egoitzak3-560x420.jpeg 560w, https:\/\/www.lab.eus\/wp-content\/uploads\/2022\/07\/Egoitzak3-80x60.jpeg 80w, https:\/\/www.lab.eus\/wp-content\/uploads\/2022\/07\/Egoitzak3-265x198.jpeg 265w\" sizes=\"auto, (max-width: 1024px) 100vw, 1024px\" \/><\/figure><\/li><\/ul><\/figure>\n","protected":false},"excerpt":{"rendered":"<p>Han secundado esta semana otras dos jornadas de huelga y movilizaci\u00f3n en defensa de un convenio digno y de un servicio de calidad. Esta vez, nos hemos manifestado en Donostia y nos hemos concentrado ante la patronal.<\/p>\n","protected":false},"author":1189,"featured_media":49633,"comment_status":"closed","ping_status":"closed","sticky":false,"template":"","format":"standard","meta":{"_monsterinsights_skip_tracking":false,"_monsterinsights_sitenote_active":false,"_monsterinsights_sitenote_note":"","_monsterinsights_sitenote_category":0,"footnotes":"","_links_to":"","_links_to_target":""},"categories":[18,3000,6],"tags":[3033,3178,3217,3171],"class_list":{"0":"post-49627","1":"post","2":"type-post","3":"status-publish","4":"format-standard","5":"has-post-thumbnail","7":"category-es-accion-sindical","8":"category-servicio-sociocomunitario","9":"category-es-servicios-publicos","10":"tag-accion-sindical-es","11":"tag-destacado-1","12":"tag-servicios-sociocomunitarios","13":"tag-servicios-publicos-es"},"_links":{"self":[{"href":"https:\/\/www.lab.eus\/es\/wp-json\/wp\/v2\/posts\/49627","targetHints":{"allow":["GET"]}}],"collection":[{"href":"https:\/\/www.lab.eus\/es\/wp-json\/wp\/v2\/posts"}],"about":[{"href":"https:\/\/www.lab.eus\/es\/wp-json\/wp\/v2\/types\/post"}],"author":[{"embeddable":true,"href":"https:\/\/www.lab.eus\/es\/wp-json\/wp\/v2\/users\/1189"}],"replies":[{"embeddable":true,"href":"https:\/\/www.lab.eus\/es\/wp-json\/wp\/v2\/comments?post=49627"}],"version-history":[{"count":0,"href":"https:\/\/www.lab.eus\/es\/wp-json\/wp\/v2\/posts\/49627\/revisions"}],"wp:featuredmedia":[{"embeddable":true,"href":"https:\/\/www.lab.eus\/es\/wp-json\/wp\/v2\/media\/49633"}],"wp:attachment":[{"href":"https:\/\/www.lab.eus\/es\/wp-json\/wp\/v2\/media?parent=49627"}],"wp:term":[{"taxonomy":"category","embeddable":true,"href":"https:\/\/www.lab.eus\/es\/wp-json\/wp\/v2\/categories?post=49627"},{"taxonomy":"post_tag","embeddable":true,"href":"https:\/\/www.lab.eus\/es\/wp-json\/wp\/v2\/tags?post=49627"}],"curies":[{"name":"wp","href":"https:\/\/api.w.org\/{rel}","templated":true}]}}