{"id":49619,"date":"2022-06-30T13:04:53","date_gmt":"2022-06-30T13:04:53","guid":{"rendered":"https:\/\/www.lab.eus\/?p=49619"},"modified":"2022-06-30T13:04:55","modified_gmt":"2022-06-30T13:04:55","slug":"no-hemos-asistido-a-la-mesa-sectorial-de-osakidetza-al-no-recoger-el-orden-del-dia-ninguno-de-los-puntos-propuestos-por-la-parte-sindical","status":"publish","type":"post","link":"https:\/\/www.lab.eus\/es\/no-hemos-asistido-a-la-mesa-sectorial-de-osakidetza-al-no-recoger-el-orden-del-dia-ninguno-de-los-puntos-propuestos-por-la-parte-sindical\/","title":{"rendered":"No hemos asistido a la Mesa Sectorial de Osakidetza al no recoger el orden del d\u00eda ninguno de los puntos propuestos por la parte sindical"},"content":{"rendered":"\n<p><strong>Comunicado de los sindicatos:<\/strong><\/p>\n\n\n\n<p>Los sindicatos&nbsp;LAB, SATSE, ELA, CCOO, UGT, ESK y SMEen Osakidetza, de manera un\u00e1nime, no han participado en la mesa sectorial convocada para este jueves, 30 de julio, a las 9.30 horas por el Departamento de Salud de Gobierno Vasco porque no han sido incluido en el orden del d\u00eda \u00abninguno\u00bb de los puntos propuestos por la parte sindical. Es especialmente llamativo que, Osakidetza no haya recogido ninguna reivindicaci\u00f3n correspondiente a la mejora de la situaci\u00f3n en la Atenci\u00f3n Primaria, tan solo unos d\u00edas despu\u00e9s de las movilizaciones realizadas ante algunos centros de salud y la celebraci\u00f3n de una masiva manifestaci\u00f3n en Bilbao, el pasado domingo 26, que cont\u00f3 con la asistencia de miles de profesionales del ente p\u00fablico vasco procedentes de todo Euskadi, y respaldados por numerosas asociaciones y plataformas vecinales.<\/p>\n\n\n\n<p>De este modo, \u201clos sindicatos le hemos vuelto a trasladar a la Direcci\u00f3n de Osakidetza nuestra negativa a participar, mientras no haya una negociaci\u00f3n real sobre nuestras reivindicaciones, en las reuniones sectoriales que convocan desde el ente p\u00fablico vasco, por tratarse de encuentros vac\u00edos de contenido y con un claro tinte propagand\u00edstico, ya que, como t\u00f3nica habitual, toda la informaci\u00f3n se traslada previamente a los medios de comunicaci\u00f3n\u201d.<\/p>\n\n\n\n<p><strong>Menos de 24 horas<\/strong><\/p>\n\n\n\n<p>El pasado 27 de junio, \u201clos sindicatos le enviamos a la Direcci\u00f3n de Recursos Humanos un comunicado con la relaci\u00f3n de los temas a tratar por nuestra parte\u201d, cuestiones todas ellas alineadas con las reivindicaciones de los \u00faltimos meses y encaminadas a solucionar los graves problemas estructurales del Servicio vasco de Salud.&nbsp;<\/p>\n\n\n\n<p>No obstante, tras conocer el orden del d\u00eda definitivo que se recibi\u00f3 ayer, pasadas las 15.00 horas, esto es, con menos de 24 horas de antelaci\u00f3n que permitiera analizar con profundidad los asuntos propuestos, \u201clos sindicatos hemos corroborado nuevamente que la Direcci\u00f3n del Servicio vasco de Salud sigue neg\u00e1ndose a incluir ninguno de los temas solicitados por las organizaciones sindicales como la mejora de la situaci\u00f3n precaria que se vive en la Atenci\u00f3n Primaria y, lo peor de todo, contin\u00faa sin mostrar ninguna voluntad negociadora\u00bb, a pesar de las m\u00faltiples concentraciones, manifestaciones y huelgas realizadas por parte de la plantilla de Osakidetza.<\/p>\n\n\n\n<p>Por todo esto, \u201clos sindicatos le tendemos nuevamente, y de manera sincera, la mano a la consejera de Salud, Gotzone Sagardui, para que ponga en marcha de una vez por todas las v\u00edas y\/o mecanismos que permitan recuperar una negociaci\u00f3n colectiva real y efectiva con el objetivo de responder a los asuntos que realmente interesan a la plantilla y a la ciudadan\u00eda vasca\u201d.<\/p>\n\n\n\n<p>En esta misma l\u00ednea, \u201clas organizaciones sindicales queremos transmitir a la sociedad vasca en general que la lucha que estamos llevando a cabo desde hace muchos meses no s\u00f3lo tiene como eje las condiciones laborales, sino que los sindicatos convocantes entendemos que trabajadores y trabajadoras junto con las y los usuarios nos movilizamos conjuntamente ante el deterioro de nuestro sistema sanitario p\u00fablico\u201d, han a\u00f1adido.<\/p>\n\n\n\n<p>Finalmente, LAB, SATSE, ELA, CCOO, UGTy ESK reafirman su compromiso absoluto con la sanidad p\u00fablica vasca y contra los ataques que est\u00e1 sufriendo por parte del Gobierno Vasco, \u201ca la vez que decimos alto y claro que vamos a seguir moviliz\u00e1ndonos y luchando para que Osakidetza deje de ser un instrumento propagand\u00edstico, y responda de manera eficaz a las necesidades que muestra su plantilla, adem\u00e1s de la ciudadan\u00eda vasca\u201d, concluyen los sindicatos.&nbsp;<\/p>\n","protected":false},"excerpt":{"rendered":"<p>Las cuestiones est\u00e1n alineadas con las reivindicaciones de los \u00faltimos meses y encaminadas a solucionar los graves problemas estructurales del Servicio Vasco de Salud. <\/p>\n","protected":false},"author":1189,"featured_media":49618,"comment_status":"closed","ping_status":"closed","sticky":false,"template":"","format":"standard","meta":{"_monsterinsights_skip_tracking":false,"_monsterinsights_sitenote_active":false,"_monsterinsights_sitenote_note":"","_monsterinsights_sitenote_category":0,"footnotes":"","_links_to":"","_links_to_target":""},"categories":[3097,6,3283],"tags":[3033,3178,3195,3100,3171],"class_list":{"0":"post-49619","1":"post","2":"type-post","3":"status-publish","4":"format-standard","5":"has-post-thumbnail","7":"category-sanidad","8":"category-es-servicios-publicos","9":"category-sin-categorizar","10":"tag-accion-sindical-es","11":"tag-destacado-1","12":"tag-osakidetza-es","13":"tag-sanidad-es","14":"tag-servicios-publicos-es"},"_links":{"self":[{"href":"https:\/\/www.lab.eus\/es\/wp-json\/wp\/v2\/posts\/49619","targetHints":{"allow":["GET"]}}],"collection":[{"href":"https:\/\/www.lab.eus\/es\/wp-json\/wp\/v2\/posts"}],"about":[{"href":"https:\/\/www.lab.eus\/es\/wp-json\/wp\/v2\/types\/post"}],"author":[{"embeddable":true,"href":"https:\/\/www.lab.eus\/es\/wp-json\/wp\/v2\/users\/1189"}],"replies":[{"embeddable":true,"href":"https:\/\/www.lab.eus\/es\/wp-json\/wp\/v2\/comments?post=49619"}],"version-history":[{"count":0,"href":"https:\/\/www.lab.eus\/es\/wp-json\/wp\/v2\/posts\/49619\/revisions"}],"wp:featuredmedia":[{"embeddable":true,"href":"https:\/\/www.lab.eus\/es\/wp-json\/wp\/v2\/media\/49618"}],"wp:attachment":[{"href":"https:\/\/www.lab.eus\/es\/wp-json\/wp\/v2\/media?parent=49619"}],"wp:term":[{"taxonomy":"category","embeddable":true,"href":"https:\/\/www.lab.eus\/es\/wp-json\/wp\/v2\/categories?post=49619"},{"taxonomy":"post_tag","embeddable":true,"href":"https:\/\/www.lab.eus\/es\/wp-json\/wp\/v2\/tags?post=49619"}],"curies":[{"name":"wp","href":"https:\/\/api.w.org\/{rel}","templated":true}]}}