{"id":49575,"date":"2022-06-30T09:11:36","date_gmt":"2022-06-30T09:11:36","guid":{"rendered":"https:\/\/www.lab.eus\/?p=49575"},"modified":"2022-06-30T09:11:37","modified_gmt":"2022-06-30T09:11:37","slug":"las-y-los-trabajadores-de-betion-realizaran-un-mes-de-huelga-en-julio-con-el-objetivo-de-conseguir-un-convenio-digo","status":"publish","type":"post","link":"https:\/\/www.lab.eus\/es\/las-y-los-trabajadores-de-betion-realizaran-un-mes-de-huelga-en-julio-con-el-objetivo-de-conseguir-un-convenio-digo\/","title":{"rendered":"Las y los trabajadores de BetiON realizar\u00e1n un mes de huelga en julio con el objetivo de conseguir un convenio digo"},"content":{"rendered":"\n<p>Comunicado de los sindicatos LAB y ELA:<\/p>\n\n\n\n<p>Las personas trabajadoras de BetiON, el servicio p\u00fablico de Teleasistencia de la CAV llevamos realizando huelgas desde marzo. La \u00faltima reuni\u00f3n con los representantes de la empresa tuvo lugar ayer, 29 de junio, y dado el estado de las negociaciones, los sindicatos LAB y ELA no hemos visto otra alternativa que convocar una huelga de un mes a partir del 1 de julio.<\/p>\n\n\n\n<p>Hace unas semanas, el Gobierno Vasco abri\u00f3 el concurso p\u00fablico de este servicio, situaci\u00f3n que la empresa quiere aprovechar para decir que no se puede firmar ning\u00fan convenio. Nos indican que hasta que la adjudicaci\u00f3n no sea suya, no pueden firmar ning\u00fan convenio. En esta ocasi\u00f3n el presupuesto previsto por el gobierno para los a\u00f1os venideros es de 71 millones y medio de euros (IVA excluido).<\/p>\n\n\n\n<p>Comenzamos las negociaciones en noviembre del a\u00f1o anterior y hasta hoy, ning\u00fan momento ha sido propicio para acordar y adelantar algo. El grupo de empresas que actualmente presta el servicio ha recibido 41 millones de euros a cambio de la prestaci\u00f3n del servicio.<\/p>\n\n\n\n<p>Estuvimos en el Parlamento Vasco para explicar cu\u00e1l es nuestra situaci\u00f3n y cu\u00e1l es la situaci\u00f3n del servicio, y tenemos claro que el Gobierno Vasco tambi\u00e9n es una de las partes encargadas de dar soluci\u00f3n a este conflicto; igual que ha sido su opci\u00f3n acordar la cuant\u00eda del presupuesto (71 millones de euros) y la privatizaci\u00f3n del servicio.<\/p>\n\n\n\n<p>El que prestamos las trabajadoras es un servicio esencial y es evidente que la huelga est\u00e1 teniendo consecuencias directas en la calidad del servicio, en la inmediatez, y en consecuencia, en quienes prestamos el servicio.<\/p>\n\n\n\n<p>Nosotros y nosotras vamos a hacer una huelga de un mes porque nuestras condiciones laborales siguen paradas. Seguiremos luchando hasta conseguir el nuevo convenio, el camino hasta ahora ha sido fruct\u00edfero, y el seguimiento de las huelgas tambi\u00e9n. \u00a1Adelante!<\/p>\n","protected":false},"excerpt":{"rendered":"<p>Comenzamos las negociaciones en noviembre del a\u00f1o anterior y hasta hoy, ning\u00fan momento ha sido propicio para acordar y adelantar algo. El grupo de empresas que actualmente presta el servicio ha recibido 41 millones de euros a cambio de la prestaci\u00f3n del servicio.<\/p>\n","protected":false},"author":1189,"featured_media":49574,"comment_status":"closed","ping_status":"closed","sticky":false,"template":"","format":"standard","meta":{"_monsterinsights_skip_tracking":false,"_monsterinsights_sitenote_active":false,"_monsterinsights_sitenote_note":"","_monsterinsights_sitenote_category":0,"footnotes":"","_links_to":"","_links_to_target":""},"categories":[18,3000,6,3283],"tags":[3033,3178,3217,3171],"class_list":{"0":"post-49575","1":"post","2":"type-post","3":"status-publish","4":"format-standard","5":"has-post-thumbnail","7":"category-es-accion-sindical","8":"category-servicio-sociocomunitario","9":"category-es-servicios-publicos","10":"category-sin-categorizar","11":"tag-accion-sindical-es","12":"tag-destacado-1","13":"tag-servicios-sociocomunitarios","14":"tag-servicios-publicos-es"},"_links":{"self":[{"href":"https:\/\/www.lab.eus\/es\/wp-json\/wp\/v2\/posts\/49575","targetHints":{"allow":["GET"]}}],"collection":[{"href":"https:\/\/www.lab.eus\/es\/wp-json\/wp\/v2\/posts"}],"about":[{"href":"https:\/\/www.lab.eus\/es\/wp-json\/wp\/v2\/types\/post"}],"author":[{"embeddable":true,"href":"https:\/\/www.lab.eus\/es\/wp-json\/wp\/v2\/users\/1189"}],"replies":[{"embeddable":true,"href":"https:\/\/www.lab.eus\/es\/wp-json\/wp\/v2\/comments?post=49575"}],"version-history":[{"count":0,"href":"https:\/\/www.lab.eus\/es\/wp-json\/wp\/v2\/posts\/49575\/revisions"}],"wp:featuredmedia":[{"embeddable":true,"href":"https:\/\/www.lab.eus\/es\/wp-json\/wp\/v2\/media\/49574"}],"wp:attachment":[{"href":"https:\/\/www.lab.eus\/es\/wp-json\/wp\/v2\/media?parent=49575"}],"wp:term":[{"taxonomy":"category","embeddable":true,"href":"https:\/\/www.lab.eus\/es\/wp-json\/wp\/v2\/categories?post=49575"},{"taxonomy":"post_tag","embeddable":true,"href":"https:\/\/www.lab.eus\/es\/wp-json\/wp\/v2\/tags?post=49575"}],"curies":[{"name":"wp","href":"https:\/\/api.w.org\/{rel}","templated":true}]}}