{"id":49569,"date":"2022-06-29T20:36:00","date_gmt":"2022-06-29T20:36:00","guid":{"rendered":"https:\/\/www.lab.eus\/?p=49569"},"modified":"2022-06-30T08:37:50","modified_gmt":"2022-06-30T08:37:50","slug":"ante-el-bloqueo-del-convenio-de-construccion-de-gipuzkoa-la-unica-alternativa-es-la-movilizacion","status":"publish","type":"post","link":"https:\/\/www.lab.eus\/es\/ante-el-bloqueo-del-convenio-de-construccion-de-gipuzkoa-la-unica-alternativa-es-la-movilizacion\/","title":{"rendered":"Ante el bloqueo del convenio de construcci\u00f3n de Gipuzkoa la \u00fanica alternativa es la movilizaci\u00f3n"},"content":{"rendered":"\n<p>Hoy, convocada por LAB, se ha celebrado la intersindical de la construcci\u00f3n de Gipuzkoa con el objetivo de acordar din\u00e1micas de movilizaci\u00f3n conjuntas ante la situaci\u00f3n de bloqueo del convenio.<\/p>\n\n\n\n<p>El convenio de la construcci\u00f3n de Gipuzkoa, tras seis reuniones, se encuentra en una situaci\u00f3n de bloqueo. Es cierto que, en esta \u00faltimas largas semanas, la patronal ha aceptado algunas reivindicaciones que ven\u00edan recogidas en las plataformas. Pero no es menos cierto que otras reivindicaciones que la coyuntura actual destacan y que son compartidas por toda la parte social, no tienen ning\u00fan tipo de avance. La propuesta de aumento salarial est\u00e1 muy lejos de respetar la referencia del IPC y la patronal ha dejado bien claro la nula voluntad de reducir la jornada laboral.<\/p>\n\n\n\n<p>Ante esta situaci\u00f3n, hoy, convocada por LAB, hemos realizado una reuni\u00f3n de los sindicatos representados en la mesa de negociaci\u00f3n. En la misma, el an\u00e1lisis de la situaci\u00f3n a sido compartido y as\u00ed mismo la necesidad de movilizaciones y huelgas convocadas de manera conjunta. Nos hemos comprometido a acordar, organizar y realizar \u00e9stas a lo largo del verano, y en las pr\u00f3ximas semanas daremos noticias de esos acuerdos.<\/p>\n\n\n\n<p>LAB, como siempre, aboga por la unidad de acci\u00f3n sindical en defensa de los derechos de los y las trabajadoras, y eso ser\u00e1 indispensable en este convenio de la construcci\u00f3n.<\/p>\n","protected":false},"excerpt":{"rendered":"<p>Se ha celebrado la intersindical de la construcci\u00f3n de Gipuzkoa con el objetivo de acordar din\u00e1micas de movilizaci\u00f3n conjuntas ante la situaci\u00f3n de bloqueo del convenio.<\/p>\n","protected":false},"author":1189,"featured_media":19227,"comment_status":"closed","ping_status":"closed","sticky":false,"template":"","format":"standard","meta":{"_monsterinsights_skip_tracking":false,"_monsterinsights_sitenote_active":false,"_monsterinsights_sitenote_note":"","_monsterinsights_sitenote_category":0,"footnotes":"","_links_to":"","_links_to_target":""},"categories":[18,96,2868,3283],"tags":[3033,3200,3178,2996],"class_list":{"0":"post-49569","1":"post","2":"type-post","3":"status-publish","4":"format-standard","5":"has-post-thumbnail","7":"category-es-accion-sindical","8":"category-es-construccion","9":"category-industria-es","10":"category-sin-categorizar","11":"tag-accion-sindical-es","12":"tag-construccion-es","13":"tag-destacado-1","14":"tag-industria-es"},"_links":{"self":[{"href":"https:\/\/www.lab.eus\/es\/wp-json\/wp\/v2\/posts\/49569","targetHints":{"allow":["GET"]}}],"collection":[{"href":"https:\/\/www.lab.eus\/es\/wp-json\/wp\/v2\/posts"}],"about":[{"href":"https:\/\/www.lab.eus\/es\/wp-json\/wp\/v2\/types\/post"}],"author":[{"embeddable":true,"href":"https:\/\/www.lab.eus\/es\/wp-json\/wp\/v2\/users\/1189"}],"replies":[{"embeddable":true,"href":"https:\/\/www.lab.eus\/es\/wp-json\/wp\/v2\/comments?post=49569"}],"version-history":[{"count":0,"href":"https:\/\/www.lab.eus\/es\/wp-json\/wp\/v2\/posts\/49569\/revisions"}],"wp:featuredmedia":[{"embeddable":true,"href":"https:\/\/www.lab.eus\/es\/wp-json\/wp\/v2\/media\/19227"}],"wp:attachment":[{"href":"https:\/\/www.lab.eus\/es\/wp-json\/wp\/v2\/media?parent=49569"}],"wp:term":[{"taxonomy":"category","embeddable":true,"href":"https:\/\/www.lab.eus\/es\/wp-json\/wp\/v2\/categories?post=49569"},{"taxonomy":"post_tag","embeddable":true,"href":"https:\/\/www.lab.eus\/es\/wp-json\/wp\/v2\/tags?post=49569"}],"curies":[{"name":"wp","href":"https:\/\/api.w.org\/{rel}","templated":true}]}}