{"id":49553,"date":"2022-06-30T08:09:42","date_gmt":"2022-06-30T08:09:42","guid":{"rendered":"https:\/\/www.lab.eus\/?p=49553"},"modified":"2022-06-30T09:23:35","modified_gmt":"2022-06-30T09:23:35","slug":"hemos-cortado-el-acceso-a-donostia-por-amara-para-denunciar-el-bloqueo-de-la-mesa-de-negociacion-de-las-residencias-de-mayores-de-gipuzkoa","status":"publish","type":"post","link":"https:\/\/www.lab.eus\/es\/hemos-cortado-el-acceso-a-donostia-por-amara-para-denunciar-el-bloqueo-de-la-mesa-de-negociacion-de-las-residencias-de-mayores-de-gipuzkoa\/","title":{"rendered":"Hemos cortado el acceso a Donostia por Amara para denunciar el bloqueo de la mesa de negociaci\u00f3n de las residencias de mayores de Gipuzkoa"},"content":{"rendered":"\n<p>Estamos inmersas e inmersos en una oleada de huelgas en Euskal Herria, tambi\u00e9n en sectores feminizados, adem\u00e1s desde hace a\u00f1os. Es el caso de la lucha en las residencias de mayores de Gipuzkoa. Concretamente, hemos convocado jornadas de huelga para los d\u00edas 30 de junio y 1, 14 y 15 de julio en defensa de un convenio digno.<\/p>\n\n\n\n<p>En el primer d\u00eda de este ciclo de huelgas, hemos realizado una acci\u00f3n en Donostia, en el acceso viario de Amara. Hemos bloqueado la carretera para denunciar que la propia negociaci\u00f3n est\u00e1 bloqueada. Hemos lanzado un mensaje claro a la patronal: seguiremos luchando hasta dignificar las condiciones laborales de las trabajadores y hasta que se ofrezca un servicio de calidad.<\/p>\n\n\n\n<p><strong>Situaci\u00f3n insostenible<\/strong><\/p>\n\n\n\n<p>La situaci\u00f3n en las residencias de Gipuzkoa es insostenible. A este conflicto, que se ha prolongado m\u00e1s de 5 a\u00f1os, hay que a\u00f1adir el impacto de la pandemia del Covid-19. Una situaci\u00f3n que ya era grave se ha vuelto insostenible y es urgente conseguir una salida digna: porque las circunstancias lo exigen y porque las trabajadoras y residentes del sector se lo merecen.<\/p>\n\n\n\n<p>Es evidente que esta situaci\u00f3n se debe a la privatizaci\u00f3n de los servicios p\u00fablicos, a la precariedad laboral y a la falta de reconocimiento social y econ\u00f3mico de los sectores feminizados. Adem\u00e1s, esto no es un simple conflicto laboral entre las trabajadoras del sector y la patronal, sino una cuesti\u00f3n social que nos afecta a todos los gipuzkoanos y gipuzkoanas, porque el derecho a los servicios de cuidados de calidad o el hecho de que los cuidados se realicen en condiciones m\u00e1s dignas est\u00e1n siendo vulnerados.<\/p>\n\n\n\n<figure class=\"wp-block-embed is-type-video is-provider-youtube wp-block-embed-youtube wp-embed-aspect-16-9 wp-has-aspect-ratio\"><div class=\"wp-block-embed__wrapper\">\n<div class=\"youtube-embed\" data-video_id=\"wQNU7soCSW8\"><iframe loading=\"lazy\" title=\"Donostiako sarrera moztu dugu,  helduen egoitzetako negoziazio mahaia blokeatuta dagoela salatzeko\" width=\"696\" height=\"392\" src=\"https:\/\/www.youtube.com\/embed\/wQNU7soCSW8?feature=oembed&#038;enablejsapi=1\" frameborder=\"0\" allow=\"accelerometer; autoplay; clipboard-write; encrypted-media; gyroscope; picture-in-picture\" allowfullscreen><\/iframe><\/div>\n<\/div><\/figure>\n\n\n\n<p>Despu\u00e9s de 2 a\u00f1os, hemos intentado activar una mesa de negociaci\u00f3n que estaba totalmente bloqueada, pero la postura de la patronal de no hacer propuestas es una muestra de su voluntad negociadora. La patronal est\u00e1 muy lejos de dar una salida digna a la situaci\u00f3n del sector. Desde LAB, queremos denunciar que la patronal quiere utilizar la mesa de negociaci\u00f3n para perpetuar el conflicto y eso es inaceptable.<\/p>\n\n\n\n<p>Tambi\u00e9n queremos subrayar la responsabilidad de la Diputaci\u00f3n Foral de Gipuzkoa, a la que ahora le corresponde dar pasos para desbloquear la mesa y poner sobre la mesa propuestas para llegar a una soluci\u00f3n. Ahora es el momento de empezar a hablar de contenidos, m\u00e1s all\u00e1 de voluntades.<\/p>\n\n\n\n<p>Como venimos reiterando desde el sindicato LAB, el Convenio Sectorial de Gipuzkoa y las mejoras de los ratios son condiciones imprescindibles para dar soluci\u00f3n a este conflicto.<\/p>\n\n\n\n<p>Es el momento de apoyar la lucha incansable y ejemplar que llevan adelante las trabajadoras del sector y multiplicar la presi\u00f3n tanto social como sindical. Por ello, es imprescindible la implicaci\u00f3n y colaboraci\u00f3n de toda la clase trabajadora, desde la unidad sindical en el sector, hasta la construcci\u00f3n de alianzas entre las asociaciones de familiares de residentes y los diferentes movimientos sociales.<\/p>\n\n\n\n<figure class=\"wp-block-gallery columns-3 is-cropped wp-block-gallery-1 is-layout-flex wp-block-gallery-is-layout-flex\"><ul class=\"blocks-gallery-grid\"><li class=\"blocks-gallery-item\"><figure><img loading=\"lazy\" decoding=\"async\" width=\"1024\" height=\"768\" src=\"https:\/\/www.lab.eus\/wp-content\/uploads\/2022\/06\/1-1024x768.jpeg\" alt=\"\" data-id=\"49557\" data-link=\"https:\/\/www.lab.eus\/donostiako-amarako-sarrera-moztu-dugu-gipuzkoako-helduen-egoitzetako-negoziazio-mahaia-blokeatuta-dagoela-salatzeko\/1-19\/\" class=\"wp-image-49557\" srcset=\"https:\/\/www.lab.eus\/wp-content\/uploads\/2022\/06\/1-1024x768.jpeg 1024w, https:\/\/www.lab.eus\/wp-content\/uploads\/2022\/06\/1-300x225.jpeg 300w, https:\/\/www.lab.eus\/wp-content\/uploads\/2022\/06\/1-768x576.jpeg 768w, https:\/\/www.lab.eus\/wp-content\/uploads\/2022\/06\/1-1536x1152.jpeg 1536w, https:\/\/www.lab.eus\/wp-content\/uploads\/2022\/06\/1-2048x1536.jpeg 2048w, https:\/\/www.lab.eus\/wp-content\/uploads\/2022\/06\/1-150x113.jpeg 150w, https:\/\/www.lab.eus\/wp-content\/uploads\/2022\/06\/1-696x522.jpeg 696w, https:\/\/www.lab.eus\/wp-content\/uploads\/2022\/06\/1-1068x801.jpeg 1068w, https:\/\/www.lab.eus\/wp-content\/uploads\/2022\/06\/1-1920x1440.jpeg 1920w, https:\/\/www.lab.eus\/wp-content\/uploads\/2022\/06\/1-560x420.jpeg 560w, https:\/\/www.lab.eus\/wp-content\/uploads\/2022\/06\/1-80x60.jpeg 80w, https:\/\/www.lab.eus\/wp-content\/uploads\/2022\/06\/1-265x198.jpeg 265w\" sizes=\"auto, (max-width: 1024px) 100vw, 1024px\" \/><\/figure><\/li><li class=\"blocks-gallery-item\"><figure><img loading=\"lazy\" decoding=\"async\" width=\"1024\" height=\"768\" src=\"https:\/\/www.lab.eus\/wp-content\/uploads\/2022\/06\/2-1-1024x768.jpeg\" alt=\"\" data-id=\"49559\" data-link=\"https:\/\/www.lab.eus\/donostiako-amarako-sarrera-moztu-dugu-gipuzkoako-helduen-egoitzetako-negoziazio-mahaia-blokeatuta-dagoela-salatzeko\/2-1-5\/\" class=\"wp-image-49559\" srcset=\"https:\/\/www.lab.eus\/wp-content\/uploads\/2022\/06\/2-1-1024x768.jpeg 1024w, https:\/\/www.lab.eus\/wp-content\/uploads\/2022\/06\/2-1-300x225.jpeg 300w, https:\/\/www.lab.eus\/wp-content\/uploads\/2022\/06\/2-1-768x576.jpeg 768w, https:\/\/www.lab.eus\/wp-content\/uploads\/2022\/06\/2-1-1536x1152.jpeg 1536w, https:\/\/www.lab.eus\/wp-content\/uploads\/2022\/06\/2-1-2048x1536.jpeg 2048w, https:\/\/www.lab.eus\/wp-content\/uploads\/2022\/06\/2-1-150x113.jpeg 150w, https:\/\/www.lab.eus\/wp-content\/uploads\/2022\/06\/2-1-696x522.jpeg 696w, https:\/\/www.lab.eus\/wp-content\/uploads\/2022\/06\/2-1-1068x801.jpeg 1068w, https:\/\/www.lab.eus\/wp-content\/uploads\/2022\/06\/2-1-1920x1440.jpeg 1920w, https:\/\/www.lab.eus\/wp-content\/uploads\/2022\/06\/2-1-560x420.jpeg 560w, https:\/\/www.lab.eus\/wp-content\/uploads\/2022\/06\/2-1-80x60.jpeg 80w, https:\/\/www.lab.eus\/wp-content\/uploads\/2022\/06\/2-1-265x198.jpeg 265w\" sizes=\"auto, (max-width: 1024px) 100vw, 1024px\" \/><\/figure><\/li><li class=\"blocks-gallery-item\"><figure><img loading=\"lazy\" decoding=\"async\" width=\"1024\" height=\"768\" src=\"https:\/\/www.lab.eus\/wp-content\/uploads\/2022\/06\/3-1024x768.jpeg\" alt=\"\" data-id=\"49561\" data-link=\"https:\/\/www.lab.eus\/donostiako-amarako-sarrera-moztu-dugu-gipuzkoako-helduen-egoitzetako-negoziazio-mahaia-blokeatuta-dagoela-salatzeko\/3-16\/\" class=\"wp-image-49561\" srcset=\"https:\/\/www.lab.eus\/wp-content\/uploads\/2022\/06\/3-1024x768.jpeg 1024w, https:\/\/www.lab.eus\/wp-content\/uploads\/2022\/06\/3-300x225.jpeg 300w, https:\/\/www.lab.eus\/wp-content\/uploads\/2022\/06\/3-768x576.jpeg 768w, https:\/\/www.lab.eus\/wp-content\/uploads\/2022\/06\/3-1536x1152.jpeg 1536w, https:\/\/www.lab.eus\/wp-content\/uploads\/2022\/06\/3-2048x1536.jpeg 2048w, https:\/\/www.lab.eus\/wp-content\/uploads\/2022\/06\/3-150x113.jpeg 150w, https:\/\/www.lab.eus\/wp-content\/uploads\/2022\/06\/3-696x522.jpeg 696w, https:\/\/www.lab.eus\/wp-content\/uploads\/2022\/06\/3-1068x801.jpeg 1068w, https:\/\/www.lab.eus\/wp-content\/uploads\/2022\/06\/3-1920x1440.jpeg 1920w, https:\/\/www.lab.eus\/wp-content\/uploads\/2022\/06\/3-560x420.jpeg 560w, https:\/\/www.lab.eus\/wp-content\/uploads\/2022\/06\/3-80x60.jpeg 80w, https:\/\/www.lab.eus\/wp-content\/uploads\/2022\/06\/3-265x198.jpeg 265w\" sizes=\"auto, (max-width: 1024px) 100vw, 1024px\" \/><\/figure><\/li><li class=\"blocks-gallery-item\"><figure><img loading=\"lazy\" decoding=\"async\" width=\"1024\" height=\"768\" src=\"https:\/\/www.lab.eus\/wp-content\/uploads\/2022\/06\/4-1024x768.jpeg\" alt=\"\" data-id=\"49563\" data-full-url=\"https:\/\/www.lab.eus\/wp-content\/uploads\/2022\/06\/4.jpeg\" data-link=\"https:\/\/www.lab.eus\/donostiako-amarako-sarrera-moztu-dugu-gipuzkoako-helduen-egoitzetako-negoziazio-mahaia-blokeatuta-dagoela-salatzeko\/4-15\/\" class=\"wp-image-49563\" srcset=\"https:\/\/www.lab.eus\/wp-content\/uploads\/2022\/06\/4-1024x768.jpeg 1024w, https:\/\/www.lab.eus\/wp-content\/uploads\/2022\/06\/4-300x225.jpeg 300w, https:\/\/www.lab.eus\/wp-content\/uploads\/2022\/06\/4-768x576.jpeg 768w, https:\/\/www.lab.eus\/wp-content\/uploads\/2022\/06\/4-1536x1152.jpeg 1536w, https:\/\/www.lab.eus\/wp-content\/uploads\/2022\/06\/4-2048x1536.jpeg 2048w, https:\/\/www.lab.eus\/wp-content\/uploads\/2022\/06\/4-150x113.jpeg 150w, https:\/\/www.lab.eus\/wp-content\/uploads\/2022\/06\/4-696x522.jpeg 696w, https:\/\/www.lab.eus\/wp-content\/uploads\/2022\/06\/4-1068x801.jpeg 1068w, https:\/\/www.lab.eus\/wp-content\/uploads\/2022\/06\/4-1920x1440.jpeg 1920w, https:\/\/www.lab.eus\/wp-content\/uploads\/2022\/06\/4-560x420.jpeg 560w, https:\/\/www.lab.eus\/wp-content\/uploads\/2022\/06\/4-80x60.jpeg 80w, https:\/\/www.lab.eus\/wp-content\/uploads\/2022\/06\/4-265x198.jpeg 265w\" sizes=\"auto, (max-width: 1024px) 100vw, 1024px\" \/><\/figure><\/li><\/ul><\/figure>\n","protected":false},"excerpt":{"rendered":"<p>Estamos inmersas e inmersos en una oleada de huelgas en Euskal Herria, tambi\u00e9n en sectores feminizados, adem\u00e1s desde hace a\u00f1os. Es el caso de la lucha en las residencias de mayores de Gipuzkoa. Concretamente, hemos convocado jornadas de huelga para los d\u00edas 30 de junio y 1, 14 y 15 de julio en defensa de un convenio digno. En el primer d\u00eda de este ciclo de huelgas, hemos realizado una acci\u00f3n en Donostia, en el acceso viario de Amara. Hemos bloqueado la carretera para denunciar que la propia negociaci\u00f3n est\u00e1 bloqueada.<\/p>\n","protected":false},"author":1189,"featured_media":49550,"comment_status":"closed","ping_status":"closed","sticky":false,"template":"","format":"video","meta":{"_monsterinsights_skip_tracking":false,"_monsterinsights_sitenote_active":false,"_monsterinsights_sitenote_note":"","_monsterinsights_sitenote_category":0,"footnotes":"","_links_to":"","_links_to_target":""},"categories":[18,3000,6],"tags":[3033,3178,3217,3171],"class_list":{"0":"post-49553","1":"post","2":"type-post","3":"status-publish","4":"format-video","5":"has-post-thumbnail","7":"category-es-accion-sindical","8":"category-servicio-sociocomunitario","9":"category-es-servicios-publicos","10":"tag-accion-sindical-es","11":"tag-destacado-1","12":"tag-servicios-sociocomunitarios","13":"tag-servicios-publicos-es","14":"post_format-post-format-video"},"_links":{"self":[{"href":"https:\/\/www.lab.eus\/es\/wp-json\/wp\/v2\/posts\/49553","targetHints":{"allow":["GET"]}}],"collection":[{"href":"https:\/\/www.lab.eus\/es\/wp-json\/wp\/v2\/posts"}],"about":[{"href":"https:\/\/www.lab.eus\/es\/wp-json\/wp\/v2\/types\/post"}],"author":[{"embeddable":true,"href":"https:\/\/www.lab.eus\/es\/wp-json\/wp\/v2\/users\/1189"}],"replies":[{"embeddable":true,"href":"https:\/\/www.lab.eus\/es\/wp-json\/wp\/v2\/comments?post=49553"}],"version-history":[{"count":0,"href":"https:\/\/www.lab.eus\/es\/wp-json\/wp\/v2\/posts\/49553\/revisions"}],"wp:featuredmedia":[{"embeddable":true,"href":"https:\/\/www.lab.eus\/es\/wp-json\/wp\/v2\/media\/49550"}],"wp:attachment":[{"href":"https:\/\/www.lab.eus\/es\/wp-json\/wp\/v2\/media?parent=49553"}],"wp:term":[{"taxonomy":"category","embeddable":true,"href":"https:\/\/www.lab.eus\/es\/wp-json\/wp\/v2\/categories?post=49553"},{"taxonomy":"post_tag","embeddable":true,"href":"https:\/\/www.lab.eus\/es\/wp-json\/wp\/v2\/tags?post=49553"}],"curies":[{"name":"wp","href":"https:\/\/api.w.org\/{rel}","templated":true}]}}