{"id":49535,"date":"2022-06-29T10:49:52","date_gmt":"2022-06-29T10:49:52","guid":{"rendered":"https:\/\/www.lab.eus\/?p=49535"},"modified":"2022-06-29T10:49:54","modified_gmt":"2022-06-29T10:49:54","slug":"dejar-los-datos-del-alumnado-en-manos-de-una-multinacional-es-una-decision-muy-grave","status":"publish","type":"post","link":"https:\/\/www.lab.eus\/es\/dejar-los-datos-del-alumnado-en-manos-de-una-multinacional-es-una-decision-muy-grave\/","title":{"rendered":"\u00abDejar los datos del alumnado en manos de una multinacional es una decisi\u00f3n muy grave\u00bb"},"content":{"rendered":"\n<p>El sindicato LAB y la organizaci\u00f3n juvenil Ernai nos hemos concentrado en Bilbo<strong>\u00a0<\/strong>frente a la sesi\u00f3n del Consejo social de la UPV\/EHU\u00a0para denunciar la nueva medida que pretende imponer la Direcci\u00f3n de la UPV\/EHU: la migraci\u00f3n de las cuentas de correo electr\u00f3nico del alumnado a Microsoft Office 365, lo cual suponer privatizar este servicio y comprometer la privacidad del alumnado.<\/p>\n\n\n\n<p>La subcontrataci\u00f3n de servicios en la UPV\/EHU no es nueva, incluyendo la de los servicios relacionados con las Tecnolog\u00edas de la Informaci\u00f3n y Comunicaci\u00f3n (TICs). Hace poco supimos que\u00a0est\u00e1n efectuando las \u00faltimas operaciones t\u00e9cnicas para que, en la campa\u00f1a de matriculaci\u00f3n que comienza el 18 de julio, se asigne autom\u00e1ticamente a todo el alumnado una cuenta O365 para el curso 2022-23.<\/p>\n\n\n\n<p>Frente a ello, desde LAB y Ernai queremos manifestar lo siguiente:<\/p>\n\n\n\n<p>&#8211; Denunciamos la privatizaci\u00f3n de servicios de la UPV\/EHU. \u00c9ste es un nuevo paso en el desmantelamiento progresivo del sistema p\u00fablico, debilitando la universidad p\u00fablica para beneficio de una empresa transnacional.\u00a0Tenemos trabajadores y trabajadoras capacitadas y medios para gestionar las TICs desde la propia UPV\/EHU y, cuando no son suficientes, se debe realizar una mayor inversi\u00f3n en recursos propios en vez de canalizar el dinero p\u00fablico a empresas privadas.<\/p>\n\n\n\n<p>&#8211;\u00a0Dejar los datos del alumnado en manos de una multinacional es una decisi\u00f3n muy grave. Aunque dir\u00e1n que existen garant\u00edas de protecci\u00f3n de la privacidad, \u00e9sta estar\u00eda comprometida, sin poder asegurar d\u00f3nde pueden terminar todos esos datos en un futuro. Tras el alumnado, llegar\u00eda la migraci\u00f3n de las cuentas de las y los trabajadores, as\u00ed como el trasvase a los servidores de Microsoft de los datos relativos a investigaci\u00f3n y gesti\u00f3n de otros aspectos laborales.<\/p>\n\n\n\n<p>&#8211; Esta decisi\u00f3n aumentar\u00eda la dependencia del alumnado y personal de la UPV\/EHU respecto a Microsoft. De materializarse esta decisi\u00f3n, el proceso ser\u00eda dif\u00edcilmente reversible.<\/p>\n\n\n\n<p>&#8211;\u00a0Han tomado esta decisi\u00f3n que afecta a toda la comunidad de la UPV\/EHU a escondidas, sin dar ninguna informaci\u00f3n y evitando el debate.<strong>\u00a0<\/strong>Al migrar el correo electr\u00f3nico a O365 se est\u00e1 vulnerando el derecho de decisi\u00f3n del alumnado. Aunque pretendan dar una imagen de actitud abierta a la participaci\u00f3n,\u00a0no ha habido el m\u00ednimo proceso participativo, ni con el alumnado ni con las y los trabajadores.<\/p>\n\n\n\n<p>&#8211; Existen alternativas frente a la dependencia de las transnacionales y los recursos digitales privados. Se basan en el reforzamiento de los servicios p\u00fablicos y en el uso generalizado del software libre en el camino hacia la soberan\u00eda tecnol\u00f3gica.<\/p>\n\n\n\n<p>Por todo ello,\u00a0desde Ernai y LAB queremos denunciar este plan de privatizaci\u00f3n de servicios y exigimos a la Direcci\u00f3n de la UPV\/EHU que d\u00e9 marcha atr\u00e1s en dicha decisi\u00f3n, abandonando el proyecto O365 y abriendo un proceso de debate con toda la comunidad universitaria, para definir entre todas y todos la direcci\u00f3n a tomar frente a los retos de futuro.<strong>\u00a0<\/strong>Del mismo modo, animamos a las y los alumnos y a los y las trabajadoras de la UPV\/EHU as\u00ed como a la sociedad en general a manifestarse en contra de la citada decisi\u00f3n.<\/p>\n\n\n\n<p>\u00a1No a la privatizaci\u00f3n de servicios de la UPV\/EHU! \u00a1No entregu\u00e9is los datos del alumnado y personal de la UPV\/EHU a empresas privadas!<\/p>\n","protected":false},"excerpt":{"rendered":"<p>LAB y Ernai hemos realizado una concentraci\u00f3n ante el Consejo Social de la UPV\/EHU para denunciar la decisi\u00f3n del gobierno de la UPV\/EHU de migrar las cuentas electr\u00f3nicas del alumnado de los servidores de la UPV\/EHU a los de Microsoft , as\u00ed como la privatizaci\u00f3n de los servicios de Tecnolog\u00edas de la Informaci\u00f3n y Comunicaci\u00f3n de la UPV\/EHU.<\/p>\n","protected":false},"author":1189,"featured_media":49537,"comment_status":"closed","ping_status":"closed","sticky":false,"template":"","format":"standard","meta":{"_monsterinsights_skip_tracking":false,"_monsterinsights_sitenote_active":false,"_monsterinsights_sitenote_note":"","_monsterinsights_sitenote_category":0,"footnotes":"","_links_to":"","_links_to_target":""},"categories":[2990,33,6,3059],"tags":[3178,3266,3194,3171],"class_list":{"0":"post-49535","1":"post","2":"type-post","3":"status-publish","4":"format-standard","5":"has-post-thumbnail","7":"category-educacion","8":"category-es-ensenanza","9":"category-es-servicios-publicos","10":"category-universidad","11":"tag-destacado-1","12":"tag-educacion-es","13":"tag-ensenanza-es","14":"tag-servicios-publicos-es"},"_links":{"self":[{"href":"https:\/\/www.lab.eus\/es\/wp-json\/wp\/v2\/posts\/49535","targetHints":{"allow":["GET"]}}],"collection":[{"href":"https:\/\/www.lab.eus\/es\/wp-json\/wp\/v2\/posts"}],"about":[{"href":"https:\/\/www.lab.eus\/es\/wp-json\/wp\/v2\/types\/post"}],"author":[{"embeddable":true,"href":"https:\/\/www.lab.eus\/es\/wp-json\/wp\/v2\/users\/1189"}],"replies":[{"embeddable":true,"href":"https:\/\/www.lab.eus\/es\/wp-json\/wp\/v2\/comments?post=49535"}],"version-history":[{"count":0,"href":"https:\/\/www.lab.eus\/es\/wp-json\/wp\/v2\/posts\/49535\/revisions"}],"wp:featuredmedia":[{"embeddable":true,"href":"https:\/\/www.lab.eus\/es\/wp-json\/wp\/v2\/media\/49537"}],"wp:attachment":[{"href":"https:\/\/www.lab.eus\/es\/wp-json\/wp\/v2\/media?parent=49535"}],"wp:term":[{"taxonomy":"category","embeddable":true,"href":"https:\/\/www.lab.eus\/es\/wp-json\/wp\/v2\/categories?post=49535"},{"taxonomy":"post_tag","embeddable":true,"href":"https:\/\/www.lab.eus\/es\/wp-json\/wp\/v2\/tags?post=49535"}],"curies":[{"name":"wp","href":"https:\/\/api.w.org\/{rel}","templated":true}]}}