{"id":49518,"date":"2022-06-29T11:34:05","date_gmt":"2022-06-29T11:34:05","guid":{"rendered":"https:\/\/www.lab.eus\/?p=49518"},"modified":"2022-06-29T11:34:07","modified_gmt":"2022-06-29T11:34:07","slug":"las-trabajadoras-de-las-residencias-de-araba-senalan-que-mientras-no-haya-negociacion-seguiran-movilizandose","status":"publish","type":"post","link":"https:\/\/www.lab.eus\/es\/las-trabajadoras-de-las-residencias-de-araba-senalan-que-mientras-no-haya-negociacion-seguiran-movilizandose\/","title":{"rendered":"Las trabajadoras de las residencias de Araba se\u00f1alan que, mientras no haya negociaci\u00f3n, seguir\u00e1n moviliz\u00e1ndose"},"content":{"rendered":"\n<p>Las trabajadoras de residencias privadas y viviendas comunitarias de Araba han llevado a cabo una jornada de huelga y movilizaci\u00f3n, a convocatoria de LAB y ELA, y han vuelto a interpelar a la Diputaci\u00f3n y a la patronal, tal y como lo han hecho en los \u00faltimos 3 a\u00f1os.\u00a03 a\u00f1os con un objetivo, la formaci\u00f3n de la patronal para poder negociar una condiciones dignas del sector. 3 a\u00f1os duros, donde han tocado la puerta de las empresas y de las instituciones todos los meses. <\/p>\n\n\n\n<p>En septiembre, y gracias a todas las movilizaciones, conseguimos nuestro objetivo de formar una mesa negociadora. Despu\u00e9s de 10 meses, la patronal no ha hecho ning\u00fan movimiento, ni nos ha trasladado a los sindicatos ninguna propuesta de mejora para poder sentarnos a negociar un convenio con unas condiciones dignas para un sector totalmente precarizado y feminizado. En la ultima mesa negociadora, nos trasladaron&nbsp;que ten\u00edan una propuesta. A\u00fan no la hemos visto.<\/p>\n\n\n\n<p>Con la jornada de huelga hemos querido mandar un mensaje alto y claro&nbsp;a la patronal y a todas las residencias: mientras no quieran sentarse a negociar la dignificaci\u00f3n del sector, las trabajadoras vamos a seguir en las calles y vamos a seguir luchando.<\/p>\n","protected":false},"excerpt":{"rendered":"<p>Han realizado una jornada de huelga y movilizaci\u00f3n. Despu\u00e9s de 10 meses, la patronal no ha hecho ning\u00fan movimiento<\/p>\n","protected":false},"author":1189,"featured_media":49543,"comment_status":"closed","ping_status":"closed","sticky":false,"template":"","format":"standard","meta":{"_monsterinsights_skip_tracking":false,"_monsterinsights_sitenote_active":false,"_monsterinsights_sitenote_note":"","_monsterinsights_sitenote_category":0,"footnotes":"","_links_to":"","_links_to_target":""},"categories":[18,3000,6,3283],"tags":[3033,3178,3217,3171],"class_list":{"0":"post-49518","1":"post","2":"type-post","3":"status-publish","4":"format-standard","5":"has-post-thumbnail","7":"category-es-accion-sindical","8":"category-servicio-sociocomunitario","9":"category-es-servicios-publicos","10":"category-sin-categorizar","11":"tag-accion-sindical-es","12":"tag-destacado-1","13":"tag-servicios-sociocomunitarios","14":"tag-servicios-publicos-es"},"_links":{"self":[{"href":"https:\/\/www.lab.eus\/es\/wp-json\/wp\/v2\/posts\/49518","targetHints":{"allow":["GET"]}}],"collection":[{"href":"https:\/\/www.lab.eus\/es\/wp-json\/wp\/v2\/posts"}],"about":[{"href":"https:\/\/www.lab.eus\/es\/wp-json\/wp\/v2\/types\/post"}],"author":[{"embeddable":true,"href":"https:\/\/www.lab.eus\/es\/wp-json\/wp\/v2\/users\/1189"}],"replies":[{"embeddable":true,"href":"https:\/\/www.lab.eus\/es\/wp-json\/wp\/v2\/comments?post=49518"}],"version-history":[{"count":0,"href":"https:\/\/www.lab.eus\/es\/wp-json\/wp\/v2\/posts\/49518\/revisions"}],"wp:featuredmedia":[{"embeddable":true,"href":"https:\/\/www.lab.eus\/es\/wp-json\/wp\/v2\/media\/49543"}],"wp:attachment":[{"href":"https:\/\/www.lab.eus\/es\/wp-json\/wp\/v2\/media?parent=49518"}],"wp:term":[{"taxonomy":"category","embeddable":true,"href":"https:\/\/www.lab.eus\/es\/wp-json\/wp\/v2\/categories?post=49518"},{"taxonomy":"post_tag","embeddable":true,"href":"https:\/\/www.lab.eus\/es\/wp-json\/wp\/v2\/tags?post=49518"}],"curies":[{"name":"wp","href":"https:\/\/api.w.org\/{rel}","templated":true}]}}