{"id":49510,"date":"2022-06-29T09:46:17","date_gmt":"2022-06-29T09:46:17","guid":{"rendered":"https:\/\/www.lab.eus\/?p=49510"},"modified":"2022-06-29T09:46:20","modified_gmt":"2022-06-29T09:46:20","slug":"las-trabajadoras-de-las-residencias-de-atencion-a-la-tercera-edad-vuelven-a-salir-a-la-calle-para-reclamar-el-primer-convenio-del-sector-en-nafarroa","status":"publish","type":"post","link":"https:\/\/www.lab.eus\/es\/las-trabajadoras-de-las-residencias-de-atencion-a-la-tercera-edad-vuelven-a-salir-a-la-calle-para-reclamar-el-primer-convenio-del-sector-en-nafarroa\/","title":{"rendered":"Las trabajadoras de las residencias de atenci\u00f3n a la tercera edad vuelven a salir a la calle para reclamar el primer convenio del sector en Nafarroa"},"content":{"rendered":"\n<p>Las trabajadoras de todas las residencias de atenci\u00f3n a la tecera edad de Nafarroa han llevado a cabo su novena jornada de huelga, a convocatoria de los sindicatos LAB, ELA, UGT y CCOO, dentro de la lucha por la consecuci\u00f3n de un convenio sectorial. <\/p>\n\n\n\n<p>En mayo del a\u00f1o pasado, los cuatro sindicatos mayoritarios del sector de la dependencia presentamos una propuesta conjunta a las patronales y Gobierno de Navarra para firmar el primer convenio sectorial de centros de tercera edad en Nafarroa.<\/p>\n\n\n\n<p>Este convenio debe servir para mejorar las condiciones de trabajo de las m\u00e1s de 4.500 trabajadoras navarras, repartidas en m\u00e1s de 70 centros. La mejora de condiciones laborales se materializa en contrataciones de calidad, medidas efectivas de seguridad y protecci\u00f3n, limitar e impedir fondos buitre en el sector, gesti\u00f3n p\u00fablica de los servicios, formaci\u00f3n y profesionalizaci\u00f3n del sistema y fortalecer las inspecciones.<\/p>\n\n\n\n<figure class=\"wp-block-image size-large\"><img loading=\"lazy\" decoding=\"async\" width=\"1024\" height=\"768\" src=\"https:\/\/www.lab.eus\/wp-content\/uploads\/2022\/06\/photo_2022-06-29-11.43.14-1024x768.jpeg\" alt=\"\" class=\"wp-image-49526\" srcset=\"https:\/\/www.lab.eus\/wp-content\/uploads\/2022\/06\/photo_2022-06-29-11.43.14-1024x768.jpeg 1024w, https:\/\/www.lab.eus\/wp-content\/uploads\/2022\/06\/photo_2022-06-29-11.43.14-300x225.jpeg 300w, https:\/\/www.lab.eus\/wp-content\/uploads\/2022\/06\/photo_2022-06-29-11.43.14-768x576.jpeg 768w, https:\/\/www.lab.eus\/wp-content\/uploads\/2022\/06\/photo_2022-06-29-11.43.14-150x113.jpeg 150w, https:\/\/www.lab.eus\/wp-content\/uploads\/2022\/06\/photo_2022-06-29-11.43.14-696x522.jpeg 696w, https:\/\/www.lab.eus\/wp-content\/uploads\/2022\/06\/photo_2022-06-29-11.43.14-1068x801.jpeg 1068w, https:\/\/www.lab.eus\/wp-content\/uploads\/2022\/06\/photo_2022-06-29-11.43.14-560x420.jpeg 560w, https:\/\/www.lab.eus\/wp-content\/uploads\/2022\/06\/photo_2022-06-29-11.43.14-80x60.jpeg 80w, https:\/\/www.lab.eus\/wp-content\/uploads\/2022\/06\/photo_2022-06-29-11.43.14-265x198.jpeg 265w, https:\/\/www.lab.eus\/wp-content\/uploads\/2022\/06\/photo_2022-06-29-11.43.14.jpeg 1280w\" sizes=\"auto, (max-width: 1024px) 100vw, 1024px\" \/><figcaption>Tutera.<\/figcaption><\/figure>\n\n\n\n<p>Las patronales siguen bloqueando cualquier avance en la negociaci\u00f3n, por lo que las movilizaciones van a seguir hasta conseguir unas condiciones laborales dignas y un cambio en el modelo de atenci\u00f3n a la dependencia. Hay que poner por delante los intereses de las personas atendidas y de los y las trabajadoras que les atienden por encima de los intereses econ\u00f3micos de las patronales.<\/p>\n\n\n\n<p>Se trata de un sector sustentado con dinero p\u00fablico, por lo que las administraciones p\u00fablicas tienen que asumir su responsabilidad de prestar unos servicios de calidad, protegiendo al sector de la dependencia de modelos empresariales incompatibles con un servicio tan esencial como es el de la atenci\u00f3n a las personas mayores y dependientes.<\/p>\n","protected":false},"excerpt":{"rendered":"<p>El convenio debe servir para mejorar las condiciones de trabajo de las m\u00e1s de 4.500 trabajadoras navarras, repartidas en m\u00e1s de 70 centros. Han realizado su novena jornada de huelga.<\/p>\n","protected":false},"author":1189,"featured_media":49524,"comment_status":"closed","ping_status":"closed","sticky":false,"template":"","format":"standard","meta":{"_monsterinsights_skip_tracking":false,"_monsterinsights_sitenote_active":false,"_monsterinsights_sitenote_note":"","_monsterinsights_sitenote_category":0,"footnotes":"","_links_to":"","_links_to_target":""},"categories":[18,3000,6,3283],"tags":[3033,3178,3196,3217,3171],"class_list":{"0":"post-49510","1":"post","2":"type-post","3":"status-publish","4":"format-standard","5":"has-post-thumbnail","7":"category-es-accion-sindical","8":"category-servicio-sociocomunitario","9":"category-es-servicios-publicos","10":"category-sin-categorizar","11":"tag-accion-sindical-es","12":"tag-destacado-1","13":"tag-nafarroa-es-2","14":"tag-servicios-sociocomunitarios","15":"tag-servicios-publicos-es"},"_links":{"self":[{"href":"https:\/\/www.lab.eus\/es\/wp-json\/wp\/v2\/posts\/49510","targetHints":{"allow":["GET"]}}],"collection":[{"href":"https:\/\/www.lab.eus\/es\/wp-json\/wp\/v2\/posts"}],"about":[{"href":"https:\/\/www.lab.eus\/es\/wp-json\/wp\/v2\/types\/post"}],"author":[{"embeddable":true,"href":"https:\/\/www.lab.eus\/es\/wp-json\/wp\/v2\/users\/1189"}],"replies":[{"embeddable":true,"href":"https:\/\/www.lab.eus\/es\/wp-json\/wp\/v2\/comments?post=49510"}],"version-history":[{"count":0,"href":"https:\/\/www.lab.eus\/es\/wp-json\/wp\/v2\/posts\/49510\/revisions"}],"wp:featuredmedia":[{"embeddable":true,"href":"https:\/\/www.lab.eus\/es\/wp-json\/wp\/v2\/media\/49524"}],"wp:attachment":[{"href":"https:\/\/www.lab.eus\/es\/wp-json\/wp\/v2\/media?parent=49510"}],"wp:term":[{"taxonomy":"category","embeddable":true,"href":"https:\/\/www.lab.eus\/es\/wp-json\/wp\/v2\/categories?post=49510"},{"taxonomy":"post_tag","embeddable":true,"href":"https:\/\/www.lab.eus\/es\/wp-json\/wp\/v2\/tags?post=49510"}],"curies":[{"name":"wp","href":"https:\/\/api.w.org\/{rel}","templated":true}]}}