{"id":49498,"date":"2022-06-27T14:43:00","date_gmt":"2022-06-27T14:43:00","guid":{"rendered":"https:\/\/www.lab.eus\/?p=49498"},"modified":"2022-06-28T14:45:25","modified_gmt":"2022-06-28T14:45:25","slug":"esta-en-peligro-la-atencion-sanitaria-de-estella","status":"publish","type":"post","link":"https:\/\/www.lab.eus\/es\/esta-en-peligro-la-atencion-sanitaria-de-estella\/","title":{"rendered":"\u00bfEst\u00e1 en peligro la atenci\u00f3n sanitaria de Estella?"},"content":{"rendered":"\n<p>Desde el sindicato LAB hemos denunciado en m\u00faltiples ocasiones las pol\u00edticas de gesti\u00f3n del \u00e1rea de salud de Estella, que est\u00e1 sufriendo en los \u00faltimos a\u00f1os las consecuencias de las decisiones de la actual gerencia ,dejando maltrecha la ya castigada atenci\u00f3n sanitaria de la poblaci\u00f3n de Lizarraldea, que una vez m\u00e1s es tratada como de \u201csegunda\u201d.<\/p>\n\n\n\n<p>Han sido m\u00faltiples las quejas que han llegado por parte de profesionales y de la ciudadan\u00eda de los servicios sanitarios p\u00fablicos del \u00e1rea de Lizarra. Desde el intento de cierre de la hospitalizaci\u00f3n a domicilio que fue denunciada por nuestro sindicato y reforzada finalmente, hasta el escaso contenido de la cirug\u00eda mayor ambulatoria, el incremento de las listas de espera, la situaci\u00f3n de las plantas de hospitalizaci\u00f3n, urgencias o los problemas de infraestructuras y atenci\u00f3n en Atenci\u00f3n Primaria.<\/p>\n\n\n\n<p>El caos ha vuelto a estallar con las obras que se est\u00e1n realizando en el Hospital Garc\u00eda Orcoyen. La falta de un consenso m\u00ednimo en el plan director que determinar\u00e1 los pr\u00f3ximos a\u00f1os del \u00e1rea de salud y unos p\u00e9simos n\u00fameros de los que la actual gerencia quiere culpabilizar a la plantilla, ha llegado a provocar el malestar de una amplia mayor\u00eda de los jefes y jefas de servicio. Es significativo que estas personas que ocupan cargos de libre designaci\u00f3n, es decir, nombrados a dedo por la propia gerencia, se han reunido con representantes pol\u00edticos y directivos de Osasunbidea para mostrar su descontento por la situaci\u00f3n generada por la actual gerencia a la que acusan de autoritaria y poco dialogante.<\/p>\n\n\n\n<p>Mucho nos tememos que las condiciones laborales, derivadas de todas estas decisiones, que est\u00e1n sufriendo la plantilla del \u00e1rea de salud de Estella no solo no est\u00e1 provocada por la falta de actitud y aptitud de la actual gerencia, sino que responde a un proyecto conjunto y mucho m\u00e1s amplio para convertir al Hospital Garc\u00eda Orcoyen en un mero centro de especialidades.<\/p>\n\n\n\n<p>El desarrollo de la cirug\u00eda mayor ambulatoria, el cierre de camas de hospitalizaci\u00f3n, el intento de que la hospitalizaci\u00f3n a domicilio sea gestionada desde pamplona, el aumento de las listas de espera, la falta de iniciativas para instaurar nuevos servicios como el de hemodi\u00e1lisis, el aumento cada vez mayor de derivaci\u00f3n quir\u00fargica a pamplona, los conciertos con La Rioja para atender zonas lim\u00edtrofes y derivar la actividad\u2026 todo ello nos lleva a pensar que estamos ante una estrategia deliberada. Parece claro que dotar de medios y personal al \u00e1rea de salud de Estella, no interesa.<\/p>\n\n\n\n<p>Recientemente, el Gobierno de Navarra se reuni\u00f3 con entidades locales y agentes locales en el foro sobre la lucha contra la despoblaci\u00f3n en Tierra Estella. De ese encuentro no salieron alternativas para reforzar uno de los puntos fundamentales para luchar contra la despoblaci\u00f3n, como es garantizar una atenci\u00f3n sanitaria y de calidad.<\/p>\n\n\n\n<p>Desde el sindicato LAB denunciamos la situaci\u00f3n que se est\u00e1 generando en el \u00e1rea de salud de Estella y hacemos responsables a la gerencia actual del \u00e1rea de las p\u00e9simas pol\u00edticas que est\u00e1n realizando en cuanto a asegurar la atenci\u00f3n sanitaria. Tambi\u00e9n denunciamos las coacciones que est\u00e1n recibiendo la plantilla y la p\u00e9sima organizaci\u00f3n que sufren ante la nula capacidad organizativa que se est\u00e1 demostrando.\u00a0<\/p>\n\n\n\n<p>Exigimos al Gobierno de Navarra que solucione los problemas de gesti\u00f3n que lleva arrastrando con esta gerencia desde hace ya demasiado tiempo. Le instamos a que realice una apuesta real tanto en infraestructuras como en personal que asegure y potencie la atenci\u00f3n sanitaria de Lizarraldea. As\u00ed mismo animamos a la ciudadan\u00eda y la plantilla a que \u201cpelee\u201d por una atenci\u00f3n p\u00fablica, cercana y de calidad.<\/p>\n","protected":false},"excerpt":{"rendered":"<p>Exigimos al Gobierno de Navarra que solucione los problemas de gesti\u00f3n que lleva arrastrando con esta gerencia desde hace ya demasiado tiempo. Le instamos a que realice una apuesta real tanto en infraestructuras como en personal que asegure y potencie la atenci\u00f3n sanitaria de Lizarraldea. <\/p>\n","protected":false},"author":1189,"featured_media":49496,"comment_status":"closed","ping_status":"closed","sticky":false,"template":"","format":"standard","meta":{"_monsterinsights_skip_tracking":false,"_monsterinsights_sitenote_active":false,"_monsterinsights_sitenote_note":"","_monsterinsights_sitenote_category":0,"footnotes":"","_links_to":"","_links_to_target":""},"categories":[3097,6],"tags":[3178,3355,3100,3171],"class_list":{"0":"post-49498","1":"post","2":"type-post","3":"status-publish","4":"format-standard","5":"has-post-thumbnail","7":"category-sanidad","8":"category-es-servicios-publicos","9":"tag-destacado-1","10":"tag-osasunbidea-es","11":"tag-sanidad-es","12":"tag-servicios-publicos-es"},"_links":{"self":[{"href":"https:\/\/www.lab.eus\/es\/wp-json\/wp\/v2\/posts\/49498","targetHints":{"allow":["GET"]}}],"collection":[{"href":"https:\/\/www.lab.eus\/es\/wp-json\/wp\/v2\/posts"}],"about":[{"href":"https:\/\/www.lab.eus\/es\/wp-json\/wp\/v2\/types\/post"}],"author":[{"embeddable":true,"href":"https:\/\/www.lab.eus\/es\/wp-json\/wp\/v2\/users\/1189"}],"replies":[{"embeddable":true,"href":"https:\/\/www.lab.eus\/es\/wp-json\/wp\/v2\/comments?post=49498"}],"version-history":[{"count":0,"href":"https:\/\/www.lab.eus\/es\/wp-json\/wp\/v2\/posts\/49498\/revisions"}],"wp:featuredmedia":[{"embeddable":true,"href":"https:\/\/www.lab.eus\/es\/wp-json\/wp\/v2\/media\/49496"}],"wp:attachment":[{"href":"https:\/\/www.lab.eus\/es\/wp-json\/wp\/v2\/media?parent=49498"}],"wp:term":[{"taxonomy":"category","embeddable":true,"href":"https:\/\/www.lab.eus\/es\/wp-json\/wp\/v2\/categories?post=49498"},{"taxonomy":"post_tag","embeddable":true,"href":"https:\/\/www.lab.eus\/es\/wp-json\/wp\/v2\/tags?post=49498"}],"curies":[{"name":"wp","href":"https:\/\/api.w.org\/{rel}","templated":true}]}}