{"id":49490,"date":"2022-06-28T14:39:41","date_gmt":"2022-06-28T14:39:41","guid":{"rendered":"https:\/\/www.lab.eus\/?p=49490"},"modified":"2022-06-29T08:55:47","modified_gmt":"2022-06-29T08:55:47","slug":"el-ayuntamiento-de-irunea-adjudica-a-un-fondo-buitre-la-gestion-del-centro-de-atencion-a-personas-sin-hogar","status":"publish","type":"post","link":"https:\/\/www.lab.eus\/es\/el-ayuntamiento-de-irunea-adjudica-a-un-fondo-buitre-la-gestion-del-centro-de-atencion-a-personas-sin-hogar\/","title":{"rendered":"El ayuntamiento de Iru\u00f1ea adjudica a un fondo buitre la gesti\u00f3n del centro de atenci\u00f3n a personas sin hogar"},"content":{"rendered":"\n<p>Este a\u00f1o sal\u00eda a concurso la gesti\u00f3n del albergue para personas sin hogar de Pamplona. Este centro atiende a las personas en alta exclusi\u00f3n social que tienen una gran y diversa problem\u00e1tica.<\/p>\n\n\n\n<p>Este a\u00f1o, nuevamente, la partida ha sido incrementada, muy buena noticia. Pero tras ver la resoluci\u00f3n se queda un sabor agridulce. La empresa que ha ganado el concurso ha sido quien m\u00e1s ha bajado los precios y la que ha obtenido la peor puntuaci\u00f3n t\u00e9cnica.<\/p>\n\n\n\n<p>Entre los criterios aparece la mejor relaci\u00f3n calidad-precio. Y esto que a priori suena muy bien, puede convertirse en el t\u00edpico meme de cuando compras algo por internet, entre lo que esperas y lo que recibes en realidad. As\u00ed, lo econ\u00f3mico una vez m\u00e1s pesa demasiado, aun cuando tengas la peor puntuaci\u00f3n t\u00e9cnica de los 4 proyectos presentados, bajar mucho el precio punt\u00faa mucho.<\/p>\n\n\n\n<p>No deja de sorprender que para estos proyectos y recursos sociales, que nunca debieron ser privatizados, las instituciones tengan en mente la intenci\u00f3n de ahorrar. El Ayuntamiento calcula cu\u00e1nto cuesta el recurso, separa el dinero que va a necesitar para ello en las partidas presupuestarias y teniendo todas las cuentas cuadradas dice: a ver qui\u00e9n me lo hace m\u00e1s barato\u2026. con los 140.000\u20ac ahorrados tendremos para poder comprarnos una bandera gigante.<\/p>\n\n\n\n<p>Desgraciadamente, este a\u00f1o ha ganado el proyecto que peor puntuaci\u00f3n ha sacado en la parte t\u00e9cnica, pero, como era el m\u00e1s barato, se llevaron la puntuaci\u00f3n m\u00e1xima en ese apartado\u2026 El ayuntamiento ha adjudicado a Grupo 5, un fondo buitre estatal, la gesti\u00f3n del albergue de Personas Sin Hogar de Pamplona. Y aqu\u00ed nuevamente los que pierden son las personas m\u00e1s vulnerables, la plantilla que les atiende y la ciudadan\u00eda en general.\u00a0<\/p>\n\n\n\n<p>No se puede hacer lo mismo con menos dinero. Creemos que es hora de parar el empeoramiento de la calidad de los servicios sociales, estar\u00eda bien que esta m\u00e1xima fuera un m\u00ednimo denominador com\u00fan de todas las fuerzas pol\u00edticas, pero aqu\u00ed se ve cu\u00e1les son las prioridades de cada cual. Es hora de mirar hacia la publificaci\u00f3n de todos los servicios p\u00fablicos, no de meter fondos buitre a hacer negocio con las personas en exclusi\u00f3n social.<\/p>\n","protected":false},"excerpt":{"rendered":"<p>Es hora de mirar hacia la publificaci\u00f3n de todos los servicios p\u00fablicos, no de hacer negocio con las personas en exclusi\u00f3n social.<\/p>\n","protected":false},"author":1189,"featured_media":49502,"comment_status":"closed","ping_status":"closed","sticky":false,"template":"","format":"standard","meta":{"_monsterinsights_skip_tracking":false,"_monsterinsights_sitenote_active":false,"_monsterinsights_sitenote_note":"","_monsterinsights_sitenote_category":0,"footnotes":"","_links_to":"","_links_to_target":""},"categories":[3000,6,3283],"tags":[3178,3196,3217,3171],"class_list":{"0":"post-49490","1":"post","2":"type-post","3":"status-publish","4":"format-standard","5":"has-post-thumbnail","7":"category-servicio-sociocomunitario","8":"category-es-servicios-publicos","9":"category-sin-categorizar","10":"tag-destacado-1","11":"tag-nafarroa-es-2","12":"tag-servicios-sociocomunitarios","13":"tag-servicios-publicos-es"},"_links":{"self":[{"href":"https:\/\/www.lab.eus\/es\/wp-json\/wp\/v2\/posts\/49490","targetHints":{"allow":["GET"]}}],"collection":[{"href":"https:\/\/www.lab.eus\/es\/wp-json\/wp\/v2\/posts"}],"about":[{"href":"https:\/\/www.lab.eus\/es\/wp-json\/wp\/v2\/types\/post"}],"author":[{"embeddable":true,"href":"https:\/\/www.lab.eus\/es\/wp-json\/wp\/v2\/users\/1189"}],"replies":[{"embeddable":true,"href":"https:\/\/www.lab.eus\/es\/wp-json\/wp\/v2\/comments?post=49490"}],"version-history":[{"count":0,"href":"https:\/\/www.lab.eus\/es\/wp-json\/wp\/v2\/posts\/49490\/revisions"}],"wp:featuredmedia":[{"embeddable":true,"href":"https:\/\/www.lab.eus\/es\/wp-json\/wp\/v2\/media\/49502"}],"wp:attachment":[{"href":"https:\/\/www.lab.eus\/es\/wp-json\/wp\/v2\/media?parent=49490"}],"wp:term":[{"taxonomy":"category","embeddable":true,"href":"https:\/\/www.lab.eus\/es\/wp-json\/wp\/v2\/categories?post=49490"},{"taxonomy":"post_tag","embeddable":true,"href":"https:\/\/www.lab.eus\/es\/wp-json\/wp\/v2\/tags?post=49490"}],"curies":[{"name":"wp","href":"https:\/\/api.w.org\/{rel}","templated":true}]}}