{"id":49483,"date":"2022-06-28T11:45:08","date_gmt":"2022-06-28T11:45:08","guid":{"rendered":"https:\/\/www.lab.eus\/?p=49483"},"modified":"2022-06-28T11:45:10","modified_gmt":"2022-06-28T11:45:10","slug":"nos-reafirmamos-en-la-peticion-de-dimision-del-consejero-carlos-gimeno-esta-vez-por-los-recortes-que-van-a-hacer-en-las-escuelas-oficiales-de-idiomas-de-irunea-y-tutera","status":"publish","type":"post","link":"https:\/\/www.lab.eus\/es\/nos-reafirmamos-en-la-peticion-de-dimision-del-consejero-carlos-gimeno-esta-vez-por-los-recortes-que-van-a-hacer-en-las-escuelas-oficiales-de-idiomas-de-irunea-y-tutera\/","title":{"rendered":"Nos reafirmamos en la petici\u00f3n de dimisi\u00f3n del consejero Carlos Gimeno, esta vez por los recortes que van a hacer en las escuelas oficiales de idiomas de Iru\u00f1ea y Tutera"},"content":{"rendered":"\n<p>A convocatoria del sindicato LAB, unas cuarenta personas se han concentrado hoy frente a la sede de la Escuela Oficial de Idiomas de Pamplona para denunciar que el Departamento de Educaci\u00f3n de Navarra ha decidido reducir la oferta de las escuelas oficiales de idiomas de Tudela y Pamplona para el curso 2022-2023, disminuyendo el n\u00famero de grupos creados. LAB considera que este es el en\u00e9simo ataque de la Administraci\u00f3n al euskera y un nuevo recorte de los servicios p\u00fablicos, ya que supone una vulneraci\u00f3n del derecho de los y las ciudadanas que desean aprender idiomas. Por tanto, este sindicato se reafirma en la petici\u00f3n de dimisi\u00f3n del consejero Carlos Gimeno, que ya realiz\u00f3 hace varios d\u00edas.<\/p>\n\n\n\n<p>En Tudela, al parecer el Departamento condicionar\u00e1 la continuidad de los grupos a que estos est\u00e9n formados por un m\u00ednimo de 10 personas para que puedan seguir adelante y, en general, disminuir\u00e1 el n\u00famero de grupos tanto en Tudela como en Pamplona, lo que recortar\u00e1 la oferta ling\u00fc\u00edstica a la ciudadan\u00eda. Esto, adem\u00e1s, podr\u00eda poner en peligro la continuidad del proceso de aprendizaje no solo en euskera, sino tambi\u00e9n en las otras lenguas, ya que podr\u00eda ocurrir que no salieran grupos en los seis niveles existentes.<\/p>\n\n\n\n<p>As\u00ed, en la Escuela de Idiomas de Tudela el Departamento reducir\u00e1 de 26 a 22 el n\u00famero de grupos de Ingl\u00e9s y de 6 a 3 los de Euskera y Alem\u00e1n; en total, habr\u00e1 10 grupos menos, 3 profesores menos -uno de ellos, en Euskera-. En la Escuela de Idiomas de Pamplona, por su parte, la previsi\u00f3n es cerrar 2 grupos en Euskera -antes se hab\u00edan cerrado ya otros dos-, 2 m\u00e1s en Ingl\u00e9s, suprimir 3 de Alem\u00e1n, pasando de 21 a 18; y aunque a los Departamentos de Franc\u00e9s e Italiano no se les cerrar\u00e1 ning\u00fan grupo el curso que viene, hay que tener en cuenta que en a\u00f1os anteriores ya perdieron varios.<\/p>\n\n\n\n<p>La propia direcci\u00f3n de la Escuela de Idiomas de Tudela ha se\u00f1alado que el recorte que piensa aplicar Educaci\u00f3n all\u00ed supondr\u00e1 una p\u00e9rdida importante para la Ribera. El sindicato LAB, por su parte, quiere incidir en que estos recortes perjudicar\u00e1n no s\u00f3lo a la ciudadan\u00eda, sino tambi\u00e9n a los y las trabajadoras, y recordar que se sumar\u00e1n a las vulneraciones de derechos que ya se est\u00e1n produciendo en la ense\u00f1anza, como la denegaci\u00f3n de la reducci\u00f3n por edad a docentes a los que les corresponde.<\/p>\n\n\n\n<p>Esta denuncia de las Escuelas Oficiales de Idiomas se une al descalabro generado por el Departamento de Gimeno en diferentes \u00e1mbitos: numerosos ataques al euskera, la estabilizaci\u00f3n del PAI, la imposici\u00f3n de los ciclos biling\u00fces en la Formaci\u00f3n Profesional, la situaci\u00f3n de precariedad que ha llevado a las trabajadoras del primer ciclo de Educaci\u00f3n Infantil (0-3) a la huelga indefinida, la imposici\u00f3n de la jornada y de las actividades extraescolares ante el COVID-19, la falta generalizada de negociaci\u00f3n y comunicaci\u00f3n en todos los \u00e1mbitos, tambi\u00e9n ignorando a las ikastolas y el sector de la ense\u00f1anza concertada, el no cumplimiento del Pacto para la Mejora de la Calidad de la Ense\u00f1anza P\u00fablica&#8230; Por todo ello, desde LAB insistimos en que Gimeno debe dimitir, por no gestionar adecuadamente el Departamento que tiene a su cargo.<\/p>\n","protected":false},"excerpt":{"rendered":"<p>Nos hemos concentrado frente a la sede de la Escuela Oficial de Idiomas de Iru\u00f1ea para denunciar que el Departamento de Educaci\u00f3n de Nafarroa ha decidido reducir la oferta de las escuelas oficiales de idiomas de Tutera e Iru\u00f1ea para el curso 2022-2023, disminuyendo el n\u00famero de grupos creados. <\/p>\n","protected":false},"author":1189,"featured_media":49481,"comment_status":"closed","ping_status":"closed","sticky":false,"template":"","format":"standard","meta":{"_monsterinsights_skip_tracking":false,"_monsterinsights_sitenote_active":false,"_monsterinsights_sitenote_note":"","_monsterinsights_sitenote_category":0,"footnotes":"","_links_to":"","_links_to_target":""},"categories":[3402,2990,33,6,3283],"tags":[3178,3266,3194,3171],"class_list":{"0":"post-49483","1":"post","2":"type-post","3":"status-publish","4":"format-standard","5":"has-post-thumbnail","7":"category-accion-politica","8":"category-educacion","9":"category-es-ensenanza","10":"category-es-servicios-publicos","11":"category-sin-categorizar","12":"tag-destacado-1","13":"tag-educacion-es","14":"tag-ensenanza-es","15":"tag-servicios-publicos-es"},"_links":{"self":[{"href":"https:\/\/www.lab.eus\/es\/wp-json\/wp\/v2\/posts\/49483","targetHints":{"allow":["GET"]}}],"collection":[{"href":"https:\/\/www.lab.eus\/es\/wp-json\/wp\/v2\/posts"}],"about":[{"href":"https:\/\/www.lab.eus\/es\/wp-json\/wp\/v2\/types\/post"}],"author":[{"embeddable":true,"href":"https:\/\/www.lab.eus\/es\/wp-json\/wp\/v2\/users\/1189"}],"replies":[{"embeddable":true,"href":"https:\/\/www.lab.eus\/es\/wp-json\/wp\/v2\/comments?post=49483"}],"version-history":[{"count":0,"href":"https:\/\/www.lab.eus\/es\/wp-json\/wp\/v2\/posts\/49483\/revisions"}],"wp:featuredmedia":[{"embeddable":true,"href":"https:\/\/www.lab.eus\/es\/wp-json\/wp\/v2\/media\/49481"}],"wp:attachment":[{"href":"https:\/\/www.lab.eus\/es\/wp-json\/wp\/v2\/media?parent=49483"}],"wp:term":[{"taxonomy":"category","embeddable":true,"href":"https:\/\/www.lab.eus\/es\/wp-json\/wp\/v2\/categories?post=49483"},{"taxonomy":"post_tag","embeddable":true,"href":"https:\/\/www.lab.eus\/es\/wp-json\/wp\/v2\/tags?post=49483"}],"curies":[{"name":"wp","href":"https:\/\/api.w.org\/{rel}","templated":true}]}}