{"id":49475,"date":"2022-06-28T07:40:37","date_gmt":"2022-06-28T07:40:37","guid":{"rendered":"https:\/\/www.lab.eus\/?p=49475"},"modified":"2022-06-28T07:40:39","modified_gmt":"2022-06-28T07:40:39","slug":"nos-hemos-sumado-a-la-iniciativa-via-pirenaica-del-2-de-julio-por-la-autodeterminacion-y-la-plena-soberania-de-euskal-herria","status":"publish","type":"post","link":"https:\/\/www.lab.eus\/es\/nos-hemos-sumado-a-la-iniciativa-via-pirenaica-del-2-de-julio-por-la-autodeterminacion-y-la-plena-soberania-de-euskal-herria\/","title":{"rendered":"Nos hemos sumado a la iniciativa V\u00eda Pirenaica del 2 de julio por la autodeterminaci\u00f3n y la plena soberan\u00eda de Euskal Herria"},"content":{"rendered":"\n<p>El 2 de julio, catalanes, catalanas, vascas y vascos iluminaremos m\u00e1s de 300 cumbres de todo el Pirineo. Con faroles especiales y linternas formaremos una l\u00ednea luminosa uniendo Euskal Herria y Catalunya para reivindicar el derecho de autodeterminaci\u00f3n de nuestros pueblos. La V\u00eda Pirenaica es la primera movilizaci\u00f3n ciudadana organizada conjuntamente por entidades sociales vascas y catalanas: ANC Assemblea Nacional Catalana, FEEC Federaci\u00f3 d &#8216;Entitats Excursionistes de Catalunya y Gure Esku son los organizadores, y \u00d2mnium Cultural y Artistes de la Rep\u00fablica, los colaboradores.<\/p>\n\n\n\n<p>Las y los ciudadanos de Euskal Herria iluminaremos 115 cumbres en la V\u00eda Pirenaica, desde Jaizkibel hasta Benasque. LAB se suma a la iniciativa, as\u00ed iluminar\u00e1 los montes Txamantxoia y Vignemale y contar\u00e1 con una amplia representaci\u00f3n en Jaizkibel.<\/p>\n\n\n\n<p>LAB comparte objetivo de esta iniciativa porque queremos captar la atenci\u00f3n de la comunidad internacional a favor del derecho de autodeterminaci\u00f3n de los pueblos.<\/p>\n\n\n\n<p>Para LAB es muy importante que ciudadanos y ciudadanas de Euskal Herria, como pueblo, como naci\u00f3n, podamos decidir nuestro futuro y estamos apostando por ello, porque el derecho a decidir es un derecho democr\u00e1tico b\u00e1sico. Creemos que necesitamos el derecho a decidir para cambiar radicalmente la situaci\u00f3n laboral y social. Las y los trabajadores tenemos que decidr, los pueblos tenemos que decidir, para ser due\u00f1os y due\u00f1as de nuestro futuro.<\/p>\n","protected":false},"excerpt":{"rendered":"<p>El 2 de julio, catalanes, catalanas, vascas y vascos iluminaremos m\u00e1s de 300 cumbres de todo el Pirineo. <\/p>\n","protected":false},"author":1189,"featured_media":49472,"comment_status":"closed","ping_status":"closed","sticky":false,"template":"","format":"standard","meta":{"_monsterinsights_skip_tracking":false,"_monsterinsights_sitenote_active":false,"_monsterinsights_sitenote_note":"","_monsterinsights_sitenote_category":0,"footnotes":"","_links_to":"","_links_to_target":""},"categories":[3402,3301,3283],"tags":[3178,3231],"class_list":{"0":"post-49475","1":"post","2":"type-post","3":"status-publish","4":"format-standard","5":"has-post-thumbnail","7":"category-accion-politica","8":"category-euskal-herria-es-2","9":"category-sin-categorizar","10":"tag-destacado-1","11":"tag-euskal-herria-es"},"_links":{"self":[{"href":"https:\/\/www.lab.eus\/es\/wp-json\/wp\/v2\/posts\/49475","targetHints":{"allow":["GET"]}}],"collection":[{"href":"https:\/\/www.lab.eus\/es\/wp-json\/wp\/v2\/posts"}],"about":[{"href":"https:\/\/www.lab.eus\/es\/wp-json\/wp\/v2\/types\/post"}],"author":[{"embeddable":true,"href":"https:\/\/www.lab.eus\/es\/wp-json\/wp\/v2\/users\/1189"}],"replies":[{"embeddable":true,"href":"https:\/\/www.lab.eus\/es\/wp-json\/wp\/v2\/comments?post=49475"}],"version-history":[{"count":0,"href":"https:\/\/www.lab.eus\/es\/wp-json\/wp\/v2\/posts\/49475\/revisions"}],"wp:featuredmedia":[{"embeddable":true,"href":"https:\/\/www.lab.eus\/es\/wp-json\/wp\/v2\/media\/49472"}],"wp:attachment":[{"href":"https:\/\/www.lab.eus\/es\/wp-json\/wp\/v2\/media?parent=49475"}],"wp:term":[{"taxonomy":"category","embeddable":true,"href":"https:\/\/www.lab.eus\/es\/wp-json\/wp\/v2\/categories?post=49475"},{"taxonomy":"post_tag","embeddable":true,"href":"https:\/\/www.lab.eus\/es\/wp-json\/wp\/v2\/tags?post=49475"}],"curies":[{"name":"wp","href":"https:\/\/api.w.org\/{rel}","templated":true}]}}