{"id":49469,"date":"2022-06-27T07:12:00","date_gmt":"2022-06-27T07:12:00","guid":{"rendered":"https:\/\/www.lab.eus\/?p=49469"},"modified":"2022-06-28T07:13:40","modified_gmt":"2022-06-28T07:13:40","slug":"recibimos-con-alegria-la-resolucion-del-juzgado-de-no-perder-la-prima-que-se-pagaba-por-la-jubilacion-anticipada","status":"publish","type":"post","link":"https:\/\/www.lab.eus\/es\/recibimos-con-alegria-la-resolucion-del-juzgado-de-no-perder-la-prima-que-se-pagaba-por-la-jubilacion-anticipada\/","title":{"rendered":"Recibimos con alegr\u00eda la resoluci\u00f3n del juzgado de no perder la prima que se pagaba por la jubilaci\u00f3n anticipada"},"content":{"rendered":"\n<p>La resoluci\u00f3n judicial, consecuencia de la denuncia interpuesta por cientos de exprofesores y exprofesoras, ha dictaminado que debe reconocerse el derecho recogido en el convenio laboral. La citada resoluci\u00f3n judicial cuestiona la actitud del Gobierno Vasco en los \u00faltimos a\u00f1os y la imposibilidad de perpetuar las medidas adoptadas durante los recortes.<\/p>\n\n\n\n<p>La plataforma de profesoras y profesores jubilados Adostuz acaba de hacer p\u00fablica la resoluci\u00f3n judicial de la denuncia realizada por m\u00e1s de 2.600 trabajadores y trabajadoras. Aunque ha sido una resoluci\u00f3n que se ha dictado en primera instancia, plantea argumentos significativos a favor del mantenimiento de los derechos laborales en las administraciones p\u00fablicas. Entendemos que se trata de una resoluci\u00f3n de indudable importancia, ya que pone en custi\u00f3n que la frecuente unilateralidad de la que hacen gala los pol\u00edticos pueda vulnerar derechos laborales. Esta resoluci\u00f3n reconoce el derecho a percibir las primas que se abonan por la jubilaci\u00f3n anticipada que en su d\u00eda el Gobierno Vasco pretendi\u00f3 eliminar por decreto, por lo que cuando se levante la prohibici\u00f3n de pago, el Gobierno Vasco deber\u00e1 proceder al pago de estos salarios.<\/p>\n\n\n\n<p>Pensamos que hay una estrategia clara para perpetuar algunas de las medidas que se tomaron en tiempos de recortes, como el recorte salarial del 5% y el pago de las primas de jubilaci\u00f3n. Aunque en su d\u00eda el Gobierno Vasco dec\u00eda que hac\u00eda recortes a rega\u00f1adientes, queda claro que comparte la estrategia de perpetuarlos. En ning\u00fan caso quiere hablar de estas cuestiones en los \u00e1mbitos de la negociaci\u00f3n, enmarcando estos recortes en la \u201cnueva normalidad\u201d.<\/p>\n\n\n\n<p>LAB ha estado siempre al lado del colectivo Adostuz y la recuperacion de los recortes en las mesas de negociaci\u00f3n colectiva sigue siendo nuestra principal reivindicaci\u00f3n. Esta resoluci\u00f3n judicial nos da m\u00e1s fuerza y, como hemos venido haciendo hasta ahora, seguiremos firmes en la reivindicaci\u00f3n de la restituci\u00f3n de todos los recortes, tanto en la calle como en las mesas de negociaci\u00f3n.<\/p>\n\n\n\n<p>Por todo ello, solicitamos al Gobierno Vasco el abono de las primas correspondientes a todo el personal que se jubil\u00f3 anticipadamenete y tuvo merma en su pensi\u00f3n de jubilaci\u00f3n. Junto a ello, exigimos que se acuerde una planificaci\u00f3n que restaure los recortes a\u00fan vigentes, sobre todo la recuperaci\u00f3n de los recortes salariales realizados.<\/p>\n","protected":false},"excerpt":{"rendered":"<p>La resoluci\u00f3n judicial, consecuencia de la denuncia interpuesta por cientos de exprofesores y exprofesoras, ha dictaminado que debe reconocerse el derecho recogido en el convenio laboral.<\/p>\n","protected":false},"author":1189,"featured_media":0,"comment_status":"closed","ping_status":"closed","sticky":false,"template":"","format":"standard","meta":{"_monsterinsights_skip_tracking":false,"_monsterinsights_sitenote_active":false,"_monsterinsights_sitenote_note":"","_monsterinsights_sitenote_category":0,"footnotes":"","_links_to":"","_links_to_target":""},"categories":[2990,33,6],"tags":[3266,3194,3171],"class_list":{"0":"post-49469","1":"post","2":"type-post","3":"status-publish","4":"format-standard","6":"category-educacion","7":"category-es-ensenanza","8":"category-es-servicios-publicos","9":"tag-educacion-es","10":"tag-ensenanza-es","11":"tag-servicios-publicos-es"},"_links":{"self":[{"href":"https:\/\/www.lab.eus\/es\/wp-json\/wp\/v2\/posts\/49469","targetHints":{"allow":["GET"]}}],"collection":[{"href":"https:\/\/www.lab.eus\/es\/wp-json\/wp\/v2\/posts"}],"about":[{"href":"https:\/\/www.lab.eus\/es\/wp-json\/wp\/v2\/types\/post"}],"author":[{"embeddable":true,"href":"https:\/\/www.lab.eus\/es\/wp-json\/wp\/v2\/users\/1189"}],"replies":[{"embeddable":true,"href":"https:\/\/www.lab.eus\/es\/wp-json\/wp\/v2\/comments?post=49469"}],"version-history":[{"count":0,"href":"https:\/\/www.lab.eus\/es\/wp-json\/wp\/v2\/posts\/49469\/revisions"}],"wp:attachment":[{"href":"https:\/\/www.lab.eus\/es\/wp-json\/wp\/v2\/media?parent=49469"}],"wp:term":[{"taxonomy":"category","embeddable":true,"href":"https:\/\/www.lab.eus\/es\/wp-json\/wp\/v2\/categories?post=49469"},{"taxonomy":"post_tag","embeddable":true,"href":"https:\/\/www.lab.eus\/es\/wp-json\/wp\/v2\/tags?post=49469"}],"curies":[{"name":"wp","href":"https:\/\/api.w.org\/{rel}","templated":true}]}}