{"id":49462,"date":"2022-06-27T13:59:14","date_gmt":"2022-06-27T13:59:14","guid":{"rendered":"https:\/\/www.lab.eus\/?p=49462"},"modified":"2022-06-27T13:59:16","modified_gmt":"2022-06-27T13:59:16","slug":"responsabilizamos-a-los-gobiernos-espanol-y-marroqui-de-lo-ocurrido-en-la-frontera-de-melilla-y-denunciamos-la-politica-migratoria-racista-y-asesina-de-la-union-europea","status":"publish","type":"post","link":"https:\/\/www.lab.eus\/es\/responsabilizamos-a-los-gobiernos-espanol-y-marroqui-de-lo-ocurrido-en-la-frontera-de-melilla-y-denunciamos-la-politica-migratoria-racista-y-asesina-de-la-union-europea\/","title":{"rendered":"Responsabilizamos a los gobiernos espa\u00f1ol y marroqu\u00ed de lo ocurrido en la frontera de Melilla y denunciamos la pol\u00edtica migratoria racista y asesina de la Uni\u00f3n Europea"},"content":{"rendered":"\n<p>El pasado 24 de junio 37 personas murieron en la frontera que separa Nador de Melilla. Es probable que la cifra aumente ya que hay cientos de personas hospitalizadas de las que se desconoce su estado de salud. Desde el sindicato LAB rechazamos la pol\u00edtica de muerte y este genocidio invisibilizado del que los gobiernos del Estado espa\u00f1ol y Marruecos tienen responsabilidad.<\/p>\n\n\n\n<p>Los pactos internacionales y las guerras entre potencias responden a los mismos intereses. El acuerdo firmado hace apenas tres meses entre ambos gobiernos en el que Sanch\u00e9z, el presidente m\u00e1s progresista de la historia del Estado espa\u00f1ol, hizo entrega del pueblo saharahui a la monarqu\u00eda marroqu\u00ed, inclu\u00eda en su letra peque\u00f1a el compromiso de Marruecos de asumir la custodia de la frontera sur espa\u00f1ola. Desde entonces, la intervenci\u00f3n de las fuerzas y cuerpos de seguridad marroqu\u00ed incluso en territorio espa\u00f1ol se ha acrecentado. Repartos, favores y prebendas de una geo-pol\u00edtica global cuyos altos costes pagan las mismas de siempre. Las que menos importan y que se consideran una amenaza al orden global. Por su parte, la escalada belicista a consecuencia de la guerra en Ucrania tiene unas consecuencias brutales en el territorio africano. P\u00e9rdida de cosechas, encarecimiento de la gasolina y aumento del \u00e9xodo forzado para miles de personas.<\/p>\n\n\n\n<p>En Euskal Herria son demasiadas las vidas arrebatadas de j\u00f3venes que intentan cruzar la frontera que separa Ir\u00fan de Hendaia. Las ra\u00edces de todo esto son las mismas. Gobiernos y \u00e9lites de la Europa Fortaleza que promueven la militarizaci\u00f3n de territorios, el saqueo y el expolio de pueblos y comunidades.<\/p>\n\n\n\n<p>La regularizaci\u00f3n masiva de las personas refugiadas procedentes de Ucrania, la disposici\u00f3n de regularizar a personas migradas bajo criterios de mercado e inter\u00e9ses geo-pol\u00edticos y la pol\u00edtica migratoria que criminaliza, abandona y vulnera derechos fundamentales son las dos caras de este sistema colonial, imperial y biocida. Vallas, avalanchas, devoluciones en \u201ccaliente\u201d, controles por perfil \u00e9tnico-racial, violencia policial, militar y judicial, falta de pol\u00edticas de acogida y de empleo en condiciones dignas para todas las personas en proceso migratorio confirman que lo que falta es voluntad pol\u00edtica.<\/p>\n\n\n\n<p>Desde el sindicato LAB repudiamos lo sucedido en la frontera sur del estado espa\u00f1ol y denunciamos las pol\u00edticas migratorias europeas y estatales de exterminio como parte de la expansi\u00f3n del poder de una ultra- derecha racista y xen\u00f3foba a escala europea. Toda nuestra solidaridad de clase internacionalista y antirracista a los pueblos, comunidades y personas de este genocidio estructural.<\/p>\n\n\n\n<p>Por \u00faltimo, nos adherimos a las diversas convocatorias de los movimientos sociales realizadas para denunciar estos acontecimientos, ayer domingo en Donostia y en Bilbao y esta tarde a las 19:00 en Iru\u00f1ea (Paseo Sarasate, frente a la sede del PSN) y en Gasteiz (Virgen Blanca).<\/p>\n\n\n\n<p>No m\u00e1s muertes en las fronteras. \u00a1No a la guerra! Euskal Herria tierra de acogida.<\/p>\n","protected":false},"excerpt":{"rendered":"<p>Nos adherimos a las diversas convocatorias de los movimientos sociales realizadas para denunciar estos acontecimientos.<\/p>\n","protected":false},"author":1189,"featured_media":49460,"comment_status":"closed","ping_status":"closed","sticky":false,"template":"","format":"standard","meta":{"_monsterinsights_skip_tracking":false,"_monsterinsights_sitenote_active":false,"_monsterinsights_sitenote_note":"","_monsterinsights_sitenote_category":0,"footnotes":"","_links_to":"","_links_to_target":""},"categories":[2994,2898],"tags":[3182,3178,4119],"class_list":{"0":"post-49462","1":"post","2":"type-post","3":"status-publish","4":"format-standard","5":"has-post-thumbnail","7":"category-accion-social","8":"category-precariedad-y-pobreza","9":"tag-accion-social-es","10":"tag-destacado-1","11":"tag-secretaria-antirracista-es"},"_links":{"self":[{"href":"https:\/\/www.lab.eus\/es\/wp-json\/wp\/v2\/posts\/49462","targetHints":{"allow":["GET"]}}],"collection":[{"href":"https:\/\/www.lab.eus\/es\/wp-json\/wp\/v2\/posts"}],"about":[{"href":"https:\/\/www.lab.eus\/es\/wp-json\/wp\/v2\/types\/post"}],"author":[{"embeddable":true,"href":"https:\/\/www.lab.eus\/es\/wp-json\/wp\/v2\/users\/1189"}],"replies":[{"embeddable":true,"href":"https:\/\/www.lab.eus\/es\/wp-json\/wp\/v2\/comments?post=49462"}],"version-history":[{"count":0,"href":"https:\/\/www.lab.eus\/es\/wp-json\/wp\/v2\/posts\/49462\/revisions"}],"wp:featuredmedia":[{"embeddable":true,"href":"https:\/\/www.lab.eus\/es\/wp-json\/wp\/v2\/media\/49460"}],"wp:attachment":[{"href":"https:\/\/www.lab.eus\/es\/wp-json\/wp\/v2\/media?parent=49462"}],"wp:term":[{"taxonomy":"category","embeddable":true,"href":"https:\/\/www.lab.eus\/es\/wp-json\/wp\/v2\/categories?post=49462"},{"taxonomy":"post_tag","embeddable":true,"href":"https:\/\/www.lab.eus\/es\/wp-json\/wp\/v2\/tags?post=49462"}],"curies":[{"name":"wp","href":"https:\/\/api.w.org\/{rel}","templated":true}]}}