{"id":49444,"date":"2022-06-27T11:00:06","date_gmt":"2022-06-27T11:00:06","guid":{"rendered":"https:\/\/www.lab.eus\/?p=49444"},"modified":"2022-06-27T11:00:08","modified_gmt":"2022-06-27T11:00:08","slug":"hemos-llamado-a-la-huelga-en-las-piscinas-de-scdr-anaitasuna-udc-txantrea-y-club-natacion-pamplona-para-mantener-el-poder-adquisitivo-de-las-plantillas","status":"publish","type":"post","link":"https:\/\/www.lab.eus\/es\/hemos-llamado-a-la-huelga-en-las-piscinas-de-scdr-anaitasuna-udc-txantrea-y-club-natacion-pamplona-para-mantener-el-poder-adquisitivo-de-las-plantillas\/","title":{"rendered":"Hemos llamado a la huelga en las piscinas de SCDR Anaitasuna, UDC Txantrea y Club Nataci\u00f3n Pamplona para mantener el poder adquisitivo de las plantillas"},"content":{"rendered":"\n<p>La SCDR Anaitasuna, la UDC Txantrea KKE y el Club Nataci\u00f3n Pamplona tienen sus respectivos convenios colectivos vencidos. En las negociaciones de renovaci\u00f3n de los convenios, las direcciones no quieren establecer subidas salariales conformes al IPC.<\/p>\n\n\n\n<p>Ante la misma situaci\u00f3n que se repite en tres sociedades deportivas con piscina de Iru\u00f1ea, todos los sindicatos con representaci\u00f3n en las mismas, LAB, ELA, UGT y CCOO, hemos convocado\u00a0huelga esta semana para exigir que la subida salarial sea como m\u00ednimo conforme al IPC. La huelga est\u00e1 prevista para los d\u00edas 1 y 2 de julio.<\/p>\n","protected":false},"excerpt":{"rendered":"<p>La huelga est\u00e1 prevista para los d\u00edas 1 y 2 de julio para exigir que la subida salarial sea como m\u00ednimo conforme al IPC.<\/p>\n","protected":false},"author":1189,"featured_media":49441,"comment_status":"closed","ping_status":"closed","sticky":false,"template":"","format":"standard","meta":{"_monsterinsights_skip_tracking":false,"_monsterinsights_sitenote_active":false,"_monsterinsights_sitenote_note":"","_monsterinsights_sitenote_category":0,"footnotes":"","_links_to":"","_links_to_target":""},"categories":[18,3117,8,3283],"tags":[3033,3178],"class_list":{"0":"post-49444","1":"post","2":"type-post","3":"status-publish","4":"format-standard","5":"has-post-thumbnail","7":"category-es-accion-sindical","8":"category-actividades-deportivas","9":"category-es-servicios-privados","10":"category-sin-categorizar","11":"tag-accion-sindical-es","12":"tag-destacado-1"},"_links":{"self":[{"href":"https:\/\/www.lab.eus\/es\/wp-json\/wp\/v2\/posts\/49444","targetHints":{"allow":["GET"]}}],"collection":[{"href":"https:\/\/www.lab.eus\/es\/wp-json\/wp\/v2\/posts"}],"about":[{"href":"https:\/\/www.lab.eus\/es\/wp-json\/wp\/v2\/types\/post"}],"author":[{"embeddable":true,"href":"https:\/\/www.lab.eus\/es\/wp-json\/wp\/v2\/users\/1189"}],"replies":[{"embeddable":true,"href":"https:\/\/www.lab.eus\/es\/wp-json\/wp\/v2\/comments?post=49444"}],"version-history":[{"count":0,"href":"https:\/\/www.lab.eus\/es\/wp-json\/wp\/v2\/posts\/49444\/revisions"}],"wp:featuredmedia":[{"embeddable":true,"href":"https:\/\/www.lab.eus\/es\/wp-json\/wp\/v2\/media\/49441"}],"wp:attachment":[{"href":"https:\/\/www.lab.eus\/es\/wp-json\/wp\/v2\/media?parent=49444"}],"wp:term":[{"taxonomy":"category","embeddable":true,"href":"https:\/\/www.lab.eus\/es\/wp-json\/wp\/v2\/categories?post=49444"},{"taxonomy":"post_tag","embeddable":true,"href":"https:\/\/www.lab.eus\/es\/wp-json\/wp\/v2\/tags?post=49444"}],"curies":[{"name":"wp","href":"https:\/\/api.w.org\/{rel}","templated":true}]}}