{"id":49437,"date":"2022-06-27T08:06:57","date_gmt":"2022-06-27T08:06:57","guid":{"rendered":"https:\/\/www.lab.eus\/?p=49437"},"modified":"2022-06-27T08:06:59","modified_gmt":"2022-06-27T08:06:59","slug":"nos-hemos-mostrado-en-contra-de-la-injerecia-de-eudel-y-diputaciones-en-las-convocatorias-municipales-de-estabilizacion-del-empleo-publico-temporal","status":"publish","type":"post","link":"https:\/\/www.lab.eus\/es\/nos-hemos-mostrado-en-contra-de-la-injerecia-de-eudel-y-diputaciones-en-las-convocatorias-municipales-de-estabilizacion-del-empleo-publico-temporal\/","title":{"rendered":"Nos hemos mostrado en contra de la injerecia de EUDEL y diputaciones en las convocatorias municipales de estabilizaci\u00f3n del empleo p\u00fablico temporal"},"content":{"rendered":"\n<p>EUDEL se ha dirigido a los ayuntamientos de Araba, Bizkaia y Gipuzkoa en lo que se refiere a los procesos de estabilizaci\u00f3n. EUDEL mantiene contactos con las tres diputaciones forales para organizar la gesti\u00f3n material de dichos procesos selectivos. Adem\u00e1s, EUDEL est\u00e1 colaborando con las diputaciones forales para \u201cofrecer\u201d unas bases homog\u00e9neas a los ayuntamientos. Y esto \u00faltimo ha generado preocupaci\u00f3n entre las personas trabajadoras.<\/p>\n\n\n\n<p>Tenemos muy claro que las convocatorias de estabilizaci\u00f3n deben negociarse y acordarse a nivel local, en cada ayuntamiento, dentro de la autonom\u00eda municipal de cada administraci\u00f3n local. La negociaci\u00f3n colectiva es un derecho fundamental de las personas trabajadoras y lo vamos a reivindicar ayuntamiento a ayuntamiento. Por otro lado, en todos estos procesos de estabilizaci\u00f3n, los objetivos fijados dif\u00edcilmente se alcanzar\u00e1n si no se trabajan las bases a nivel local. \u00bfSe establecer\u00e1n las mismas bases homog\u00e9neas en todas las administraciones locales de Araba, Bizkaia y Gipuzkoa?<\/p>\n\n\n\n<p>Consideramos que la colaboraci\u00f3n de EUDEL y las diputaciones en la gesti\u00f3n material de todos estos procesos puede resultar fundamental, sobre todo en lo que se refiere a los ayuntamientos peque\u00f1os y medianos, pero en ning\u00fan caso en detrimento de la negociaci\u00f3n colectiva y de la autonom\u00eda municipal. En nombre de la eficacia, quieren ir m\u00e1s all\u00e1 del apoyo y asesoramiento material, para suprimir completamente, bajo presi\u00f3n, los marcos de negociaci\u00f3n en los ayuntamientos.<\/p>\n\n\n\n<p>No aceptaremos la imposici\u00f3n de una convocatoria \u00fanica. Cada administraci\u00f3n debe hacer su propio camino. En numerosos ayuntamientos, los gobiernos municipales de PNV y PSE se est\u00e1n negando a negociar con la representaci\u00f3n de la plantilla, ante la inminente llegada de unas bases homog\u00e9neas y \u201cmilagrosas\u201d desde las diputaciones.<\/p>\n\n\n\n<p>EUDEL y las tres diputaciones pretenden imponer el modelo de proceso \u00fanico, convirtiendo en una mera adhesi\u00f3n incondicional la participaci\u00f3n de los ayuntamientos.<\/p>\n\n\n\n<p>Estos procesos de estabilizaci\u00f3n son de vital importancia. Hay mucho en juego. La acci\u00f3n sindical, la negociaci\u00f3n colectiva y la movilizaci\u00f3n son la mejor garant\u00eda para estabilizar el empleo p\u00fablico temporal.<\/p>\n","protected":false},"excerpt":{"rendered":"<p>Tenemos muy claro que las convocatorias de estabilizaci\u00f3n deben negociarse y acordarse a nivel local, en cada ayuntamiento, dentro de la autonom\u00eda municipal de cada administraci\u00f3n local.<\/p>\n","protected":false},"author":1189,"featured_media":49436,"comment_status":"closed","ping_status":"closed","sticky":false,"template":"","format":"standard","meta":{"_monsterinsights_skip_tracking":false,"_monsterinsights_sitenote_active":false,"_monsterinsights_sitenote_note":"","_monsterinsights_sitenote_category":0,"footnotes":"","_links_to":"","_links_to_target":""},"categories":[3108,6],"tags":[3178,3171],"class_list":{"0":"post-49437","1":"post","2":"type-post","3":"status-publish","4":"format-standard","5":"has-post-thumbnail","7":"category-administracion-municipal-y-foral","8":"category-es-servicios-publicos","9":"tag-destacado-1","10":"tag-servicios-publicos-es"},"_links":{"self":[{"href":"https:\/\/www.lab.eus\/es\/wp-json\/wp\/v2\/posts\/49437","targetHints":{"allow":["GET"]}}],"collection":[{"href":"https:\/\/www.lab.eus\/es\/wp-json\/wp\/v2\/posts"}],"about":[{"href":"https:\/\/www.lab.eus\/es\/wp-json\/wp\/v2\/types\/post"}],"author":[{"embeddable":true,"href":"https:\/\/www.lab.eus\/es\/wp-json\/wp\/v2\/users\/1189"}],"replies":[{"embeddable":true,"href":"https:\/\/www.lab.eus\/es\/wp-json\/wp\/v2\/comments?post=49437"}],"version-history":[{"count":0,"href":"https:\/\/www.lab.eus\/es\/wp-json\/wp\/v2\/posts\/49437\/revisions"}],"wp:featuredmedia":[{"embeddable":true,"href":"https:\/\/www.lab.eus\/es\/wp-json\/wp\/v2\/media\/49436"}],"wp:attachment":[{"href":"https:\/\/www.lab.eus\/es\/wp-json\/wp\/v2\/media?parent=49437"}],"wp:term":[{"taxonomy":"category","embeddable":true,"href":"https:\/\/www.lab.eus\/es\/wp-json\/wp\/v2\/categories?post=49437"},{"taxonomy":"post_tag","embeddable":true,"href":"https:\/\/www.lab.eus\/es\/wp-json\/wp\/v2\/tags?post=49437"}],"curies":[{"name":"wp","href":"https:\/\/api.w.org\/{rel}","templated":true}]}}