{"id":49385,"date":"2022-06-24T09:54:24","date_gmt":"2022-06-24T09:54:24","guid":{"rendered":"https:\/\/www.lab.eus\/?p=49385"},"modified":"2022-06-24T09:54:28","modified_gmt":"2022-06-24T09:54:28","slug":"el-periodo-de-consultas-del-ere-de-dynamobel-ha-sido-puro-teatro","status":"publish","type":"post","link":"https:\/\/www.lab.eus\/es\/el-periodo-de-consultas-del-ere-de-dynamobel-ha-sido-puro-teatro\/","title":{"rendered":"El periodo de consultas del ERE de Dynamobel ha sido puro teatro"},"content":{"rendered":"\n<p>En el periodo de consultas del Expediente de Regulaci\u00f3n de Empleo de Dynamobel, UGT se ha limitado a hablar por y para la empresa y la defensa del empleo ha brillado por su ausencia.<\/p>\n\n\n\n<p>Ayer, tras una reuni\u00f3n de 12 horas, acab\u00f3 el periodo de consultas del ERE de Dynamobel. Esas doce horas sirvieron para que se aceptar\u00e1 calderilla y para que, en consecuencia, CCOO se uniera a UGT en la firma del acuerdo. En la pr\u00e1ctica se han destruido 70 puestos de trabajo, se ha cerrado una planta en su totalidad y se han precarizado las condiciones de trabajo de la plantilla que, de momento, se mantiene trabajando en la empresa.<\/p>\n\n\n\n<p>Una situaci\u00f3n muy preocupante y totalmente denunciable si tenemos en cuenta que el verdadero problema de la viabilidad de la empresa, el sobredimensionamiento de la mano de obra indirecta con puestos concedidos a dedo entre familiares y amigos de la direcci\u00f3n, contin\u00faa en los mismos t\u00e9rminos y que se sigue metiendo dinero p\u00fablico (fondos europeos, prorrogas de la seguridad social\u2026) a un pozo sin fondo con un plan de viabilidad que de viable tiene m\u00e1s bien poco.<\/p>\n\n\n\n<p>Sin bien no esper\u00e1bamos nada por parte de la empresa, durante este proceso ha sido bochornoso, por parte de ciertas representaciones sindicales, la total asunci\u00f3n de la destrucci\u00f3n de empleo como algo inevitable y la negociaci\u00f3n de migajas para \u201cmejorar\u201d la brutal bajada salarial que se plantea.<\/p>\n\n\n\n<p>Cada cual deber\u00e1 hacer examen de conciencia en funci\u00f3n de qu\u00e9 intereses ha estado defendiendo estas semanas, pero desde LAB tenemos claro que durante todo el proceso lo \u00fanico que ha imperado ha sido el derrotismo y la asunci\u00f3n de los argumentos de la empresa sin ning\u00fan tipo de planteamiento serio de lucha, y sin lucha dif\u00edcilmente se pueden defender los puestos y los derechos de una plantilla.<\/p>\n","protected":false},"excerpt":{"rendered":"<p>UGT se ha limitado a hablar por y para la empresa y la defensa del empleo ha brillado por su ausencia.<\/p>\n","protected":false},"author":1189,"featured_media":49382,"comment_status":"closed","ping_status":"closed","sticky":false,"template":"","format":"standard","meta":{"_monsterinsights_skip_tracking":false,"_monsterinsights_sitenote_active":false,"_monsterinsights_sitenote_note":"","_monsterinsights_sitenote_category":0,"footnotes":"","_links_to":"","_links_to_target":""},"categories":[18,2868,3283],"tags":[3033,3178,2996,3196],"class_list":{"0":"post-49385","1":"post","2":"type-post","3":"status-publish","4":"format-standard","5":"has-post-thumbnail","7":"category-es-accion-sindical","8":"category-industria-es","9":"category-sin-categorizar","10":"tag-accion-sindical-es","11":"tag-destacado-1","12":"tag-industria-es","13":"tag-nafarroa-es-2"},"_links":{"self":[{"href":"https:\/\/www.lab.eus\/es\/wp-json\/wp\/v2\/posts\/49385","targetHints":{"allow":["GET"]}}],"collection":[{"href":"https:\/\/www.lab.eus\/es\/wp-json\/wp\/v2\/posts"}],"about":[{"href":"https:\/\/www.lab.eus\/es\/wp-json\/wp\/v2\/types\/post"}],"author":[{"embeddable":true,"href":"https:\/\/www.lab.eus\/es\/wp-json\/wp\/v2\/users\/1189"}],"replies":[{"embeddable":true,"href":"https:\/\/www.lab.eus\/es\/wp-json\/wp\/v2\/comments?post=49385"}],"version-history":[{"count":0,"href":"https:\/\/www.lab.eus\/es\/wp-json\/wp\/v2\/posts\/49385\/revisions"}],"wp:featuredmedia":[{"embeddable":true,"href":"https:\/\/www.lab.eus\/es\/wp-json\/wp\/v2\/media\/49382"}],"wp:attachment":[{"href":"https:\/\/www.lab.eus\/es\/wp-json\/wp\/v2\/media?parent=49385"}],"wp:term":[{"taxonomy":"category","embeddable":true,"href":"https:\/\/www.lab.eus\/es\/wp-json\/wp\/v2\/categories?post=49385"},{"taxonomy":"post_tag","embeddable":true,"href":"https:\/\/www.lab.eus\/es\/wp-json\/wp\/v2\/tags?post=49385"}],"curies":[{"name":"wp","href":"https:\/\/api.w.org\/{rel}","templated":true}]}}