{"id":49365,"date":"2022-06-24T08:36:36","date_gmt":"2022-06-24T08:36:36","guid":{"rendered":"https:\/\/www.lab.eus\/?p=49365"},"modified":"2022-06-24T08:42:45","modified_gmt":"2022-06-24T08:42:45","slug":"opinion-las-osis-estan-destruyendo-la-sanidad-publica-vasca","status":"publish","type":"post","link":"https:\/\/www.lab.eus\/es\/opinion-las-osis-estan-destruyendo-la-sanidad-publica-vasca\/","title":{"rendered":"[OPINI\u00d3N] Las OSIs est\u00e1n destruyendo la sanidad p\u00fablica vasca"},"content":{"rendered":"\n<p>Ra\u00fal Castillo y Ana Fran Astigarraga, representantes de LAB Osakidetza, han escrito sobre la grave situaci\u00f3n de la sanidad p\u00fablica y han hecho un llamamiento a la manifestaci\u00f3n del domingo (Bilbo, 12:00):<\/p>\n\n\n\n<p>El 13 de diciembre de 2010, el Consejo de Administraci\u00f3n de Osakidetza cre\u00f3 la primera Organizaci\u00f3n Sanitaria Integrada de la CAV, precisamente la OSI Bidasoa. Los gestores de la sanidad vasca dijeron que \u00e9sta nueva forma de organizaci\u00f3n de la sanidad mejorar\u00eda la coordinaci\u00f3n entre la atenci\u00f3n primaria y la atenci\u00f3n especializada. A partir de aquel momento, empezaron a surgir estas nuevas organizaciones de servicios. Ya entonces alberg\u00e1bamos serias dudas acerca de este sistema organizativo que no se negoci\u00f3 con los sindicatos. Osakidetza, una vez m\u00e1s, tomaba la v\u00eda de la imposici\u00f3n y aplic\u00f3 esta medida sin negociaci\u00f3n de ning\u00fan tipo.<\/p>\n\n\n\n<p>Y a partir de ah\u00ed, la ruina de Osakidetza. El \u00abhospitalcentrismo\u00bb se impuso y la Atenci\u00f3n Primaria qued\u00f3 sola y abandonada. Hemos visto que este sistema de OSI no garantiza realmente las necesidades ni de la ciudadan\u00eda, ni de las trabajadoras. En los \u00faltimos a\u00f1os, se han organizado cientos de concentraciones frente a los centros de salud y hospitales de toda la CAV, entre esas movilizaciones ha habido numerosas huelgas.&nbsp;<\/p>\n\n\n\n<p>Como le pasa a la ciudadan\u00eda, las trabajadoras est\u00e1n tambi\u00e9n hartas de cargas inaceptables de trabajo, de impedimentos para la conciliaci\u00f3n aumentados en verano para las personas que trabajan en Atenci\u00f3n Primaria, deudas que Osakidetza no paga, procesos de selecci\u00f3n y movilidad interminables, falta de negociaci\u00f3n con los y las representantes de la plantilla, el fraude de las categor\u00edas m\u00e9dicas y su paralizaci\u00f3n etc.<\/p>\n\n\n\n<p>En otras administraciones vascas se ha negociado con los sindicatos, aunque haya sido dif\u00edcil y complejo. Se han dado pasos hacia adelante, pero en los \u00faltimos tiempos la direcci\u00f3n de Osakidetza se ha encerrado en s\u00ed misma y ha tomado todas las decisiones por su cuenta, sin contrastarlas con los sindicatos. A d\u00eda de hoy no hay negociaci\u00f3n con los gerentes de Osakidetza, ni en el proceso de consolidaci\u00f3n, tan importante para consolidar puestos de trabajo en esta organizaci\u00f3n y acabar con la alta tasa provisional, ni en el desarrollo profesional, a\u00fan sin remunerar, aunque firmado con los sindicatos desde el a\u00f1o pasado, siguen sin culminar los procesos de movilidad y OPE, mientras, en la mesa sectorial, nuestro marco natural de negociaci\u00f3n, no presentan ning\u00fan contenido.<\/p>\n\n\n\n<p>Y lo que puede ser m\u00e1s preocupante, los sindicatos no prevemos ni un resquicio para iniciar o seguir un proceso de negociaci\u00f3n serio y profundo. Debemos tener en cuenta que el acuerdo regulador de las condiciones de trabajo del personal de Osakidetza caduc\u00f3 en el a\u00f1o 2009. Todav\u00eda no hemos recuperado los recortes que, con la excusa de la crisis, se aplicaron en el a\u00f1o 2012-13. La plantilla de Osakidetza est\u00e1 envejecida y no hay prevista ninguna medida para hacer frente a tantas y tantas jubilaciones, ni siquiera un plan para rejuvenecer la plantilla. Hoy, lamentablemente, los sindicatos no tenemos opciones para negociar. Los gestores de Osakidetza siguen obstinados, como las y los ni\u00f1os, pero el presente tambi\u00e9n es tozudo y debemos recordar que muchos de los directivos que salen cesados por la puerta de atr\u00e1s, como el caso del se\u00f1or Darp\u00f3n, caen en la sanidad privada. \u00bfPor casualidad?<\/p>\n\n\n\n<p>Las consecuencias de todos estos problemas son el deterioro de los servicios sanitarios, y lo que esto supone, usuarios, usuarias y pacientes afectados, como las inacabables listas de espera, el cierre de los puntos de atenci\u00f3n continuada, el desbordamiento de los servicios de urgencia y lo \u00faltimo, la lamentable gesti\u00f3n de la pandemia.<\/p>\n\n\n\n<p>Por si fuera poco, las declaraciones de la consejera de Salud de la semana pasada, que al fin y al cabo verbaliza algo que todos conoc\u00edamos: la desaparici\u00f3n o destrucci\u00f3n de la Atenci\u00f3n Primaria sobre todo en las zonas rurales esta planificada. \u00a1Se\u00f1ora Sagardui!, el mayor favor que usted har\u00eda a la sanidad p\u00fablica ser\u00eda que abandonase su cargo.<\/p>\n\n\n\n<p>Todo esto no es casual, sino que forma parte de un plan de desmantelamiento progresivo de la sanidad p\u00fablica que PNV y PSOE pretenden llevar a t\u00e9rmino como ocurri\u00f3 con el proyecto HUA-Hospital Universitario de \u00c1lava (carpetazo ante las protestas iniciales, pero retomado con los a\u00f1os ahora se est\u00e1 llevando a cabo y un claro ejemplo de ello es la \u00abreorganizaci\u00f3n\u00bb del Servicio de Urgencias del Hospital de Santiago). Desde el punto de vista de la l\u00f3gica neoliberal, mantener y equipar una Atenci\u00f3n Primaria de calidad no es rentable, mientras que macrohospitales y\/o conjuntos hospitalarios, s\u00ed. De ah\u00ed las construcciones gigantes, la externalizaci\u00f3n de servicios de mantenimiento (subcontrataci\u00f3n), la privatizaci\u00f3n de algunos servicios (limpieza, cafeter\u00edas), ambulancias, hoy privadas, concertaci\u00f3n y autoconcertaci\u00f3n, en definitiva, la salud de todos se ha convertido en un negocio mientras que la sanidad privada se est\u00e1 enriqueciendo batiendo r\u00e9cords de asegurados en toda la geograf\u00eda vasca.<\/p>\n\n\n\n<p>La implantaci\u00f3n de las OSIs no ha supuesto una mejora de la atenci\u00f3n sanitaria. Deber\u00edamos hacer una profunda reflexi\u00f3n sobre qu\u00e9 sistema sanitario ser\u00eda necesario en la Comunidad Aut\u00f3noma Vasca desde un punto de vista sociosanitario y alejando las tesis neoliberales. Mientras, s\u00f3lo nos queda luchar por una sanidad p\u00fablica, s\u00f3lida, universal y de calidad.<\/p>\n\n\n\n<p>Por ello, hacemos un llamamiento a todos los trabajadores y a la ciudadan\u00eda para que participen en la manifestaci\u00f3n que partir\u00e1 del Sagrado Coraz\u00f3n de Bilbao el 26 de junio a las 12 del mediod\u00eda.<\/p>\n\n\n\n<p>Trabajadores y trabajadoras, ciudadanas y ciudadanos, vayamos juntos y juntos a dar la vuelta a este sistema sanitario que se nos quiere imponer, vayamos a decir alto y claro que no queremos m\u00e1s privatizaciones, vayamos a reivindicar que no queremos vivir en este modelo neoliberal, vayamos hacia un nuevo modelo sociosanitario que necesita el pueblo vasco.<\/p>\n","protected":false},"excerpt":{"rendered":"<p>Ra\u00fal Castillo y Ana Fran Astigarraga, representantes de LAB Osakidetza, han escrito sobre la grave situaci\u00f3n de la sanidad p\u00fablica y han hecho un llamamiento a la manifestaci\u00f3n del domingo (Bilbo, 12:00).<\/p>\n","protected":false},"author":1189,"featured_media":49367,"comment_status":"closed","ping_status":"closed","sticky":false,"template":"","format":"standard","meta":{"_monsterinsights_skip_tracking":false,"_monsterinsights_sitenote_active":false,"_monsterinsights_sitenote_note":"","_monsterinsights_sitenote_category":0,"footnotes":"","_links_to":"","_links_to_target":""},"categories":[18,3097,6,3283],"tags":[3033,3178,3195,3100,3171],"class_list":{"0":"post-49365","1":"post","2":"type-post","3":"status-publish","4":"format-standard","5":"has-post-thumbnail","7":"category-es-accion-sindical","8":"category-sanidad","9":"category-es-servicios-publicos","10":"category-sin-categorizar","11":"tag-accion-sindical-es","12":"tag-destacado-1","13":"tag-osakidetza-es","14":"tag-sanidad-es","15":"tag-servicios-publicos-es"},"_links":{"self":[{"href":"https:\/\/www.lab.eus\/es\/wp-json\/wp\/v2\/posts\/49365","targetHints":{"allow":["GET"]}}],"collection":[{"href":"https:\/\/www.lab.eus\/es\/wp-json\/wp\/v2\/posts"}],"about":[{"href":"https:\/\/www.lab.eus\/es\/wp-json\/wp\/v2\/types\/post"}],"author":[{"embeddable":true,"href":"https:\/\/www.lab.eus\/es\/wp-json\/wp\/v2\/users\/1189"}],"replies":[{"embeddable":true,"href":"https:\/\/www.lab.eus\/es\/wp-json\/wp\/v2\/comments?post=49365"}],"version-history":[{"count":0,"href":"https:\/\/www.lab.eus\/es\/wp-json\/wp\/v2\/posts\/49365\/revisions"}],"wp:featuredmedia":[{"embeddable":true,"href":"https:\/\/www.lab.eus\/es\/wp-json\/wp\/v2\/media\/49367"}],"wp:attachment":[{"href":"https:\/\/www.lab.eus\/es\/wp-json\/wp\/v2\/media?parent=49365"}],"wp:term":[{"taxonomy":"category","embeddable":true,"href":"https:\/\/www.lab.eus\/es\/wp-json\/wp\/v2\/categories?post=49365"},{"taxonomy":"post_tag","embeddable":true,"href":"https:\/\/www.lab.eus\/es\/wp-json\/wp\/v2\/tags?post=49365"}],"curies":[{"name":"wp","href":"https:\/\/api.w.org\/{rel}","templated":true}]}}