{"id":49356,"date":"2022-06-24T07:43:02","date_gmt":"2022-06-24T07:43:02","guid":{"rendered":"https:\/\/www.lab.eus\/?p=49356"},"modified":"2022-06-24T07:44:26","modified_gmt":"2022-06-24T07:44:26","slug":"la-otan-es-una-amenaza-para-la-paz-la-estabilidad-y-la-justicia-social","status":"publish","type":"post","link":"https:\/\/www.lab.eus\/es\/la-otan-es-una-amenaza-para-la-paz-la-estabilidad-y-la-justicia-social\/","title":{"rendered":"La OTAN es una amenaza para la paz, la estabilidad y la justicia social"},"content":{"rendered":"\n<p>La pr\u00f3xima semana, los d\u00edas 29 y 30 de junio, tendr\u00e1 lugar en Madrid la cumbre de la OTAN. En este sentido, el sindicato LAB quiere advertir de que la OTAN es una amenaza para la paz, la estabilidad y la justicia social.<\/p>\n\n\n\n<figure class=\"wp-block-embed is-type-rich is-provider-twitter wp-block-embed-twitter\"><div class=\"wp-block-embed__wrapper\">\n<blockquote class=\"twitter-tweet\" data-width=\"550\" data-dnt=\"true\"><p lang=\"es\" dir=\"ltr\">En v\u00edsperas de la cumbre de la OTAN, Igor Arroyo denuncia que las guerras y las alianzas militares perjudican seriamente a las y los trabajadores<br><br>Decimos \u00a1NO a la OTAN! \u00a1NO a la guerra! <a href=\"https:\/\/t.co\/fyWFvdeNhX\">pic.twitter.com\/fyWFvdeNhX<\/a><\/p>&mdash; LAB SINDIKATUA (@LABsindikatua) <a href=\"https:\/\/twitter.com\/LABsindikatua\/status\/1540238841486901248?ref_src=twsrc%5Etfw\">June 24, 2022<\/a><\/blockquote><script async src=\"https:\/\/platform.twitter.com\/widgets.js\" charset=\"utf-8\"><\/script>\n<\/div><\/figure>\n\n\n\n<p>Asimismo, adem\u00e1s de denunciar la invasi\u00f3n de Rusia en Ucrania, queremos denunciar los efectos de las guerras tanto para la clase popular como para la clase trabajadora, porque las guerras responden a los intereses de las \u00e9lites y de los estados. En este sentido, reclamamos la desaparici\u00f3n de la OTAN y de todas las alianzas militares y reivindicamos unas relaciones internacionales que se construyan desde el respeto a la vida y a la soberan\u00eda de los pueblos.<\/p>\n","protected":false},"excerpt":{"rendered":"<p>La pr\u00f3xima semana, los d\u00edas 29 y 30 de junio, tendr\u00e1 lugar en Madrid la cumbre de la OTAN. A las puertas de esta cita, reclamamos la desaparici\u00f3n de la OTAN y de todas las alianzas militares y reivindicamos unas relaciones internacionales que se construyan desde el respeto a la vida y a la soberan\u00eda de los pueblos.<\/p>\n","protected":false},"author":1189,"featured_media":49355,"comment_status":"closed","ping_status":"closed","sticky":false,"template":"","format":"video","meta":{"_monsterinsights_skip_tracking":false,"_monsterinsights_sitenote_active":false,"_monsterinsights_sitenote_note":"","_monsterinsights_sitenote_category":0,"footnotes":"","_links_to":"","_links_to_target":""},"categories":[3402,4,3283],"tags":[3178,3173],"class_list":{"0":"post-49356","1":"post","2":"type-post","3":"status-publish","4":"format-video","5":"has-post-thumbnail","7":"category-accion-politica","8":"category-es-internacional","9":"category-sin-categorizar","10":"tag-destacado-1","11":"tag-internacional-es","12":"post_format-post-format-video"},"_links":{"self":[{"href":"https:\/\/www.lab.eus\/es\/wp-json\/wp\/v2\/posts\/49356","targetHints":{"allow":["GET"]}}],"collection":[{"href":"https:\/\/www.lab.eus\/es\/wp-json\/wp\/v2\/posts"}],"about":[{"href":"https:\/\/www.lab.eus\/es\/wp-json\/wp\/v2\/types\/post"}],"author":[{"embeddable":true,"href":"https:\/\/www.lab.eus\/es\/wp-json\/wp\/v2\/users\/1189"}],"replies":[{"embeddable":true,"href":"https:\/\/www.lab.eus\/es\/wp-json\/wp\/v2\/comments?post=49356"}],"version-history":[{"count":0,"href":"https:\/\/www.lab.eus\/es\/wp-json\/wp\/v2\/posts\/49356\/revisions"}],"wp:featuredmedia":[{"embeddable":true,"href":"https:\/\/www.lab.eus\/es\/wp-json\/wp\/v2\/media\/49355"}],"wp:attachment":[{"href":"https:\/\/www.lab.eus\/es\/wp-json\/wp\/v2\/media?parent=49356"}],"wp:term":[{"taxonomy":"category","embeddable":true,"href":"https:\/\/www.lab.eus\/es\/wp-json\/wp\/v2\/categories?post=49356"},{"taxonomy":"post_tag","embeddable":true,"href":"https:\/\/www.lab.eus\/es\/wp-json\/wp\/v2\/tags?post=49356"}],"curies":[{"name":"wp","href":"https:\/\/api.w.org\/{rel}","templated":true}]}}