{"id":49287,"date":"2022-06-23T17:04:09","date_gmt":"2022-06-23T17:04:09","guid":{"rendered":"https:\/\/www.lab.eus\/?p=49287"},"modified":"2022-06-23T17:31:56","modified_gmt":"2022-06-23T17:31:56","slug":"hemos-recibido-en-baiona-a-la-marcha-de-las-y-los-pensionistas-y-hemos-dado-nuestro-apoyo-a-sus-reivindicaciones","status":"publish","type":"post","link":"https:\/\/www.lab.eus\/es\/hemos-recibido-en-baiona-a-la-marcha-de-las-y-los-pensionistas-y-hemos-dado-nuestro-apoyo-a-sus-reivindicaciones\/","title":{"rendered":"Hemos recibido en Baiona a la marcha de las y los pensionistas y hemos dado nuestro apoyo a sus reivindicaciones"},"content":{"rendered":"\n<p>La marcha en bicicleta emprendida por el movimiento de pensionistas el pasado 13 de junio sigue su curso, y, en esta ocasi\u00f3n, ha llegado a Baiona. Llegar\u00e1 a su fin el s\u00e1bado en Donostia, pero antes est\u00e1 recorriendo toda Euskal Herria. As\u00ed, este jueves por la tarde ha irrumpido en la capital labortana, donde varios representantes del sindicato la hemos recibido frente al ayuntamiento. E\u00f1aut Aramendi, portavoz de LAB, ha tomado la palabra en el espacio habilitado junto al edificio consistorial.<\/p>\n\n\n\n<figure class=\"wp-block-embed is-type-rich is-provider-twitter wp-block-embed-twitter\"><div class=\"wp-block-embed__wrapper\">\n<blockquote class=\"twitter-tweet\" data-width=\"550\" data-dnt=\"true\"><p lang=\"eu\" dir=\"ltr\">E\u00f1aut Aramendik nabarmendu du Ipar zein Hego Euskal Herrian pentsiodunek pairatzen dituzten murrizketek bide bera jarraitzen dutela <a href=\"https:\/\/t.co\/iax4PXPrvK\">pic.twitter.com\/iax4PXPrvK<\/a><\/p>&mdash; LAB SINDIKATUA (@LABsindikatua) <a href=\"https:\/\/twitter.com\/LABsindikatua\/status\/1540023091677597696?ref_src=twsrc%5Etfw\">June 23, 2022<\/a><\/blockquote><script async src=\"https:\/\/platform.twitter.com\/widgets.js\" charset=\"utf-8\"><\/script>\n<\/div><\/figure>\n\n\n\n<p>Nos hemos adherido as\u00ed a las tres reivindicaciones de la marcha: la defensa de los servicios p\u00fablicos, el reparto de los trabajos de cuidados y una pensi\u00f3n m\u00ednima de 1.080 euros en Hego Euskal Herria. Asimismo, E\u00f1aut Aramendi ha denunciado las pol\u00edticas p\u00fablicas del Gobierno franc\u00e9s.<\/p>\n\n\n\n<p><strong>Numerosas movilizaciones<\/strong><\/p>\n\n\n\n<p>A lo largo de los a\u00f1os, los y las pensionistas han puesto de manifiesto la fuerza y el compromiso que tiene el movimiento. Son miles cada lunes llenando las plazas de los pueblos y ha promovido un sinf\u00edn de movilizaciones propias as\u00ed como realizado su aportaci\u00f3n en otros muchas peleas.<\/p>\n\n\n\n<p>Ya lo hemos dicho muchas veces. La lucha por unas pensiones dignas es la lucha de todos y todas las trabajadoras. Las reformas que se est\u00e1n llevando a cabo desde Par\u00eds y Madrid est\u00e1n provocando el desmantelamiento del sistema p\u00fablico y los Gobiernos de Gasteiz y de Iru\u00f1ea han demostrado que no tienen voluntad pol\u00edtica para ofrecer una soluci\u00f3n a las reivindicaciones permanentemente presentes en la calle.<\/p>\n","protected":false},"excerpt":{"rendered":"<p>La marcha en bicicleta emprendida por el movimiento de pensionistas el pasado 13 de junio sigue su curso, y, en esta ocasi\u00f3n, ha llegado a Baiona. Llegar\u00e1 a su fin el s\u00e1bado en Donostia, pero antes est\u00e1 recorriendo toda Euskal Herria para reivindicar la defensa de los servicios p\u00fablicos, el reparto de los trabajos de cuidados y una pensi\u00f3n m\u00ednima de 1.080 euros.<\/p>\n","protected":false},"author":1189,"featured_media":49341,"comment_status":"closed","ping_status":"closed","sticky":false,"template":"","format":"video","meta":{"_monsterinsights_skip_tracking":false,"_monsterinsights_sitenote_active":false,"_monsterinsights_sitenote_note":"","_monsterinsights_sitenote_category":0,"footnotes":"","_links_to":"","_links_to_target":""},"categories":[2994,22],"tags":[3182,3178],"class_list":{"0":"post-49287","1":"post","2":"type-post","3":"status-publish","4":"format-video","5":"has-post-thumbnail","7":"category-accion-social","8":"category-es-pensionistas","9":"tag-accion-social-es","10":"tag-destacado-1","11":"post_format-post-format-video"},"_links":{"self":[{"href":"https:\/\/www.lab.eus\/es\/wp-json\/wp\/v2\/posts\/49287","targetHints":{"allow":["GET"]}}],"collection":[{"href":"https:\/\/www.lab.eus\/es\/wp-json\/wp\/v2\/posts"}],"about":[{"href":"https:\/\/www.lab.eus\/es\/wp-json\/wp\/v2\/types\/post"}],"author":[{"embeddable":true,"href":"https:\/\/www.lab.eus\/es\/wp-json\/wp\/v2\/users\/1189"}],"replies":[{"embeddable":true,"href":"https:\/\/www.lab.eus\/es\/wp-json\/wp\/v2\/comments?post=49287"}],"version-history":[{"count":0,"href":"https:\/\/www.lab.eus\/es\/wp-json\/wp\/v2\/posts\/49287\/revisions"}],"wp:featuredmedia":[{"embeddable":true,"href":"https:\/\/www.lab.eus\/es\/wp-json\/wp\/v2\/media\/49341"}],"wp:attachment":[{"href":"https:\/\/www.lab.eus\/es\/wp-json\/wp\/v2\/media?parent=49287"}],"wp:term":[{"taxonomy":"category","embeddable":true,"href":"https:\/\/www.lab.eus\/es\/wp-json\/wp\/v2\/categories?post=49287"},{"taxonomy":"post_tag","embeddable":true,"href":"https:\/\/www.lab.eus\/es\/wp-json\/wp\/v2\/tags?post=49287"}],"curies":[{"name":"wp","href":"https:\/\/api.w.org\/{rel}","templated":true}]}}