{"id":49247,"date":"2022-06-22T10:09:31","date_gmt":"2022-06-22T10:09:31","guid":{"rendered":"https:\/\/www.lab.eus\/?p=49247"},"modified":"2022-06-22T10:09:32","modified_gmt":"2022-06-22T10:09:32","slug":"hemos-rodeado-el-edificio-foral-y-hemos-realizado-una-sentada-en-la-segunda-jornada-de-huelga-de-intervencion-social-de-araba","status":"publish","type":"post","link":"https:\/\/www.lab.eus\/es\/hemos-rodeado-el-edificio-foral-y-hemos-realizado-una-sentada-en-la-segunda-jornada-de-huelga-de-intervencion-social-de-araba\/","title":{"rendered":"Hemos rodeado el edificio foral y hemos realizado una sentada en la segunda jornada de huelga de Intervenci\u00f3n Social de Araba"},"content":{"rendered":"\n<p>Comunicado de los sindicatos convocantes:<\/p>\n\n\n\n<p>Hoy, 22 de junio,\u00a0es la segunda jornada de huelga convocada por los cinco sindicatos que ostentan el 100% de la representaci\u00f3n sindical en la negociaci\u00f3n del Convenio de Intervenci\u00f3n Social de \u00c1lava, LAB, ELA, CCOO, ESK y UGT. Huelgas que se realizan con el \u00fanico objetivo de que la patronal AISA se mueva de su actual postura de bloqueo y garantice el poder adquisitivo de las trabajadoras del sector durante la vigencia del convenio que se est\u00e1 negociando actualmente para el periodo 2021-2024.<\/p>\n\n\n\n<p>El pasado d\u00eda 17 se realiz\u00f3 la primera jornada de huelga, con un importante seguimiento e impacto en todas las \u00e1reas y servicios del sector, a pesar de que las especiales caracter\u00edsticas de protecci\u00f3n de las personas atendidas en los servicios y la necesidad, por tanto, de cobertura de sus necesidades b\u00e1sicas mediante servicios m\u00ednimos limita much\u00edsimo el derecho a la huelga de los y las trabajadoras.<\/p>\n\n\n\n<p>La movilizaci\u00f3n reuni\u00f3 a m\u00e1s de 200 personas y se realizaron acciones de protesta durante todo el d\u00eda. Adem\u00e1s, se debati\u00f3 una moci\u00f3n en el Pleno del Ayuntamiento de Vitoria-Gasteiz que sali\u00f3 adelante con el apoyo de todos los grupos pol\u00edticos en la que se garantiza la financiaci\u00f3n econ\u00f3mica de los t\u00e9rminos que acordemos la patronal AISA y los sindicatos.<\/p>\n\n\n\n<p>Este aval, que AISA dice no tener, debe suponer un claro avance en la negociaci\u00f3n, la patronal, de hecho, tiene una oportunidad de cambiar su cerrada posici\u00f3n actual en la reuni\u00f3n de mesa negociadora que mantendremos ma\u00f1ana, 23 de junio, a las 12.00h en el PRECO.<\/p>\n\n\n\n<p>El pasado viernes, las reivindicaciones se dirigieron al Ayuntamiento y a las empresas que conforman la patronal, hoy, en cambio, realizamos una interlocuci\u00f3n directa a la Diputaci\u00f3n, moviliz\u00e1ndonos desde la ma\u00f1ana frente a la misma, ya que el diputado foral de servicios sociales, Emilio Sola, no se ha dignado a recibirnos a pesar de solicitarle una reuni\u00f3n la semana pasada. Solicitamos al Gobierno Foral que al igual que lo ha hecho el Pleno del Ayuntamiento de Gasteiz garantice la financiaci\u00f3n de los acuerdos a los que lleguemos patronal y sindicatos.<\/p>\n\n\n\n<p>La ma\u00f1ana de hoy continuar\u00e1 con una acci\u00f3n solicitando movimientos de manera inmediata a la patronal AISA y a la tarde realizaremos un caf\u00e9-tertulia para debatir la situaci\u00f3n de los servicios sociales privatizados de Araba, donde son empleadas m\u00e1s de 1000 personas, m\u00e1s del 75% de ellas mujeres.<\/p>\n\n\n\n<p>Como el pasado d\u00eda 17, hoy volvemos a contar con el apoyo del Comit\u00e9 de Trabajadores y Trabajadoras del Ayuntamiento de Vitoria-Gasteiz y de la Junta de Personal del IFBS.<\/p>\n\n\n\n<p>Estamos juntas ante la precarizaci\u00f3n de los servicios sociales y las consecuencias del abandono de los gobiernos del PNV y PSE de los servicios que atienden a las personas m\u00e1s vulnerables de la sociedad.<\/p>\n\n\n\n<figure class=\"wp-block-gallery columns-2 is-cropped wp-block-gallery-1 is-layout-flex wp-block-gallery-is-layout-flex\"><ul class=\"blocks-gallery-grid\"><li class=\"blocks-gallery-item\"><figure><img loading=\"lazy\" decoding=\"async\" width=\"1024\" height=\"768\" src=\"https:\/\/www.lab.eus\/wp-content\/uploads\/2022\/06\/EskuHartze2-1024x768.jpg\" alt=\"\" data-id=\"49243\" data-full-url=\"https:\/\/www.lab.eus\/wp-content\/uploads\/2022\/06\/EskuHartze2.jpg\" data-link=\"https:\/\/www.lab.eus\/es\/eskuhartze2-2\/\" class=\"wp-image-49243\" srcset=\"https:\/\/www.lab.eus\/wp-content\/uploads\/2022\/06\/EskuHartze2-1024x768.jpg 1024w, https:\/\/www.lab.eus\/wp-content\/uploads\/2022\/06\/EskuHartze2-300x225.jpg 300w, https:\/\/www.lab.eus\/wp-content\/uploads\/2022\/06\/EskuHartze2-768x576.jpg 768w, https:\/\/www.lab.eus\/wp-content\/uploads\/2022\/06\/EskuHartze2-1536x1152.jpg 1536w, https:\/\/www.lab.eus\/wp-content\/uploads\/2022\/06\/EskuHartze2-150x113.jpg 150w, https:\/\/www.lab.eus\/wp-content\/uploads\/2022\/06\/EskuHartze2-696x522.jpg 696w, https:\/\/www.lab.eus\/wp-content\/uploads\/2022\/06\/EskuHartze2-1068x801.jpg 1068w, https:\/\/www.lab.eus\/wp-content\/uploads\/2022\/06\/EskuHartze2-560x420.jpg 560w, https:\/\/www.lab.eus\/wp-content\/uploads\/2022\/06\/EskuHartze2-80x60.jpg 80w, https:\/\/www.lab.eus\/wp-content\/uploads\/2022\/06\/EskuHartze2-265x198.jpg 265w, https:\/\/www.lab.eus\/wp-content\/uploads\/2022\/06\/EskuHartze2.jpg 1600w\" sizes=\"auto, (max-width: 1024px) 100vw, 1024px\" \/><\/figure><\/li><li class=\"blocks-gallery-item\"><figure><img loading=\"lazy\" decoding=\"async\" width=\"1024\" height=\"768\" src=\"https:\/\/www.lab.eus\/wp-content\/uploads\/2022\/06\/EskuHartze3-1024x768.jpeg\" alt=\"\" data-id=\"49245\" data-full-url=\"https:\/\/www.lab.eus\/wp-content\/uploads\/2022\/06\/EskuHartze3.jpeg\" data-link=\"https:\/\/www.lab.eus\/es\/eskuhartze3-2\/\" class=\"wp-image-49245\" srcset=\"https:\/\/www.lab.eus\/wp-content\/uploads\/2022\/06\/EskuHartze3-1024x768.jpeg 1024w, https:\/\/www.lab.eus\/wp-content\/uploads\/2022\/06\/EskuHartze3-300x225.jpeg 300w, https:\/\/www.lab.eus\/wp-content\/uploads\/2022\/06\/EskuHartze3-768x576.jpeg 768w, https:\/\/www.lab.eus\/wp-content\/uploads\/2022\/06\/EskuHartze3-1536x1152.jpeg 1536w, https:\/\/www.lab.eus\/wp-content\/uploads\/2022\/06\/EskuHartze3-150x113.jpeg 150w, https:\/\/www.lab.eus\/wp-content\/uploads\/2022\/06\/EskuHartze3-696x522.jpeg 696w, https:\/\/www.lab.eus\/wp-content\/uploads\/2022\/06\/EskuHartze3-1068x801.jpeg 1068w, https:\/\/www.lab.eus\/wp-content\/uploads\/2022\/06\/EskuHartze3-560x420.jpeg 560w, https:\/\/www.lab.eus\/wp-content\/uploads\/2022\/06\/EskuHartze3-80x60.jpeg 80w, https:\/\/www.lab.eus\/wp-content\/uploads\/2022\/06\/EskuHartze3-265x198.jpeg 265w, https:\/\/www.lab.eus\/wp-content\/uploads\/2022\/06\/EskuHartze3.jpeg 1600w\" sizes=\"auto, (max-width: 1024px) 100vw, 1024px\" \/><\/figure><\/li><\/ul><\/figure>\n","protected":false},"excerpt":{"rendered":"<p>Las huelgas y movilizaciones se est\u00e1n desarrollando con el objetivo de que la patronal AISA se mueva de su actual postura de bloqueo y garantice el poder adquisitivo de las trabajadoras del sector durante la vigencia del convenio que se est\u00e1 negociando actualmente para el periodo 2021-2024.<\/p>\n","protected":false},"author":1189,"featured_media":49241,"comment_status":"closed","ping_status":"closed","sticky":false,"template":"","format":"standard","meta":{"_monsterinsights_skip_tracking":false,"_monsterinsights_sitenote_active":false,"_monsterinsights_sitenote_note":"","_monsterinsights_sitenote_category":0,"footnotes":"","_links_to":"","_links_to_target":""},"categories":[18,3119,6],"tags":[3178,3171],"class_list":{"0":"post-49247","1":"post","2":"type-post","3":"status-publish","4":"format-standard","5":"has-post-thumbnail","7":"category-es-accion-sindical","8":"category-intervencion-y-accion-social","9":"category-es-servicios-publicos","10":"tag-destacado-1","11":"tag-servicios-publicos-es"},"_links":{"self":[{"href":"https:\/\/www.lab.eus\/es\/wp-json\/wp\/v2\/posts\/49247","targetHints":{"allow":["GET"]}}],"collection":[{"href":"https:\/\/www.lab.eus\/es\/wp-json\/wp\/v2\/posts"}],"about":[{"href":"https:\/\/www.lab.eus\/es\/wp-json\/wp\/v2\/types\/post"}],"author":[{"embeddable":true,"href":"https:\/\/www.lab.eus\/es\/wp-json\/wp\/v2\/users\/1189"}],"replies":[{"embeddable":true,"href":"https:\/\/www.lab.eus\/es\/wp-json\/wp\/v2\/comments?post=49247"}],"version-history":[{"count":0,"href":"https:\/\/www.lab.eus\/es\/wp-json\/wp\/v2\/posts\/49247\/revisions"}],"wp:featuredmedia":[{"embeddable":true,"href":"https:\/\/www.lab.eus\/es\/wp-json\/wp\/v2\/media\/49241"}],"wp:attachment":[{"href":"https:\/\/www.lab.eus\/es\/wp-json\/wp\/v2\/media?parent=49247"}],"wp:term":[{"taxonomy":"category","embeddable":true,"href":"https:\/\/www.lab.eus\/es\/wp-json\/wp\/v2\/categories?post=49247"},{"taxonomy":"post_tag","embeddable":true,"href":"https:\/\/www.lab.eus\/es\/wp-json\/wp\/v2\/tags?post=49247"}],"curies":[{"name":"wp","href":"https:\/\/api.w.org\/{rel}","templated":true}]}}