{"id":49234,"date":"2022-06-22T09:35:45","date_gmt":"2022-06-22T09:35:45","guid":{"rendered":"https:\/\/www.lab.eus\/?p=49234"},"modified":"2022-06-22T09:35:48","modified_gmt":"2022-06-22T09:35:48","slug":"hemos-convocado-nuevas-huelgas-en-las-residencias-de-mayores-de-gipuzkoa-para-el-30-de-junio-y-los-dias-1-14-y-15-de-julio","status":"publish","type":"post","link":"https:\/\/www.lab.eus\/es\/hemos-convocado-nuevas-huelgas-en-las-residencias-de-mayores-de-gipuzkoa-para-el-30-de-junio-y-los-dias-1-14-y-15-de-julio\/","title":{"rendered":"Hemos convocado nuevas huelgas en las residencias de mayores de Gipuzkoa para el 30 de junio y los d\u00edas 1, 14 y 15 de julio"},"content":{"rendered":"\n<p>La situaci\u00f3n en las residencias de Gipuzkoa es insostenible. A este conflicto, que se ha prolongado m\u00e1s de 5 a\u00f1os, hay que a\u00f1adir el impacto de la pandemia del Covid-19. Una situaci\u00f3n que ya era grave se ha vuelto insostenible y es urgente conseguir una salida digna: porque las circunstancias lo exigen y porque las trabajadoras y residentes del sector se lo merecen.<\/p>\n\n\n\n<p>Es evidente que esta situaci\u00f3n se debe a la privatizaci\u00f3n de los servicios p\u00fablicos, a la precariedad laboral y a la falta de reconocimiento social y econ\u00f3mico de los sectores feminizados. Adem\u00e1s, esto no es un simple conflicto laboral entre las trabajadoras del sector y la patronal, sino una cuesti\u00f3n social que nos afecta a todos los gipuzkoanos y gipuzkoanas, porque el derecho a los servicios de cuidados de calidad o el hecho de que los cuidados se realicen en condiciones m\u00e1s dignas est\u00e1n siendo vulnerados.<\/p>\n\n\n\n<p><strong>Sobre la Mesa de Negociaci\u00f3n<\/strong><\/p>\n\n\n\n<p>Despu\u00e9s de 2 a\u00f1os hemos intentado activar una mesa de negociaci\u00f3n que estaba totalmente bloqueada, pero la postura de la patronal de no hacer propuestas es una muestra de su voluntad negociadora. Como hemos dicho anteriormente, y demostramos en la \u00faltima mesa de negociaci\u00f3n, la patronal est\u00e1 muy lejos de dar una salida digna a la situaci\u00f3n del sector. Desde LAB queremos denunciar que la patronal quiere utilizar la mesa de negociaci\u00f3n para perpetuar el conflicto y eso es inaceptable.<\/p>\n\n\n\n<p>Tambi\u00e9n queremos subrayar la responsabilidad de la Diputaci\u00f3n Foral de Gipuzkoa, a la que ahora le corresponde dar pasos para desbloquear la mesa y poner sobre la mesa propuestas para llegar a una soluci\u00f3n. Ahora que es el momento de empezar a hablar de contenidos, m\u00e1s all\u00e1 de voluntades, a menos que se pongan sobre la mesa propuestas reales, no se dar\u00e1 un paso adelante en la alegr\u00eda negociadora.<\/p>\n\n\n\n<p><strong>La lucha es el \u00fanico camino<\/strong><\/p>\n\n\n\n<p>Como venimos reiterando desde el Sindicato LAB, el Convenio Sectorial de Gipuzkoa y las mejoras de los Ratios son condiciones imprescindibles para dar soluci\u00f3n a este conflicto.<\/p>\n\n\n\n<p>Es el momento de apoyar la lucha incansable y ejemplar que llevan adelante las trabajadoras del sector y multiplicar la presi\u00f3n tanto social como sindical. Por ello, ser\u00e1 imprescindible la implicaci\u00f3n y colaboraci\u00f3n de toda la clas etrabajadora, desde la unidad sindical en el sector, hasta la construcci\u00f3n de alianzas entre las asociaciones de familiares de residentes y los diferentes movimientos sociales.<\/p>\n\n\n\n<p>Por ello, hacemos un llamamiento a participar en las movilizaciones de los d\u00edas de huelga que celebraremos los d\u00edas 30 de junio, 1 de julio, 14 de julio y 15 de julio.<\/p>\n\n\n\n<p>\u00a1Reconocer los cuidados, mejorar el servicio!<\/p>\n","protected":false},"excerpt":{"rendered":"<p>No es un simple conflicto laboral entre las trabajadoras del sector y la patronal, sino una cuesti\u00f3n social que nos afecta a toda la ciudadan\u00eda del herrialde, teniendo en cuenta que se est\u00e1n vulnerando el derecho a los servicios de cuidados de calidad y el hecho de que los cuidados se realicen en condiciones m\u00e1s dignas.<\/p>\n","protected":false},"author":1189,"featured_media":49231,"comment_status":"closed","ping_status":"closed","sticky":false,"template":"","format":"standard","meta":{"_monsterinsights_skip_tracking":false,"_monsterinsights_sitenote_active":false,"_monsterinsights_sitenote_note":"","_monsterinsights_sitenote_category":0,"footnotes":"","_links_to":"","_links_to_target":""},"categories":[18,3000,6,3283],"tags":[3033,3178,3217,3171],"class_list":{"0":"post-49234","1":"post","2":"type-post","3":"status-publish","4":"format-standard","5":"has-post-thumbnail","7":"category-es-accion-sindical","8":"category-servicio-sociocomunitario","9":"category-es-servicios-publicos","10":"category-sin-categorizar","11":"tag-accion-sindical-es","12":"tag-destacado-1","13":"tag-servicios-sociocomunitarios","14":"tag-servicios-publicos-es"},"_links":{"self":[{"href":"https:\/\/www.lab.eus\/es\/wp-json\/wp\/v2\/posts\/49234","targetHints":{"allow":["GET"]}}],"collection":[{"href":"https:\/\/www.lab.eus\/es\/wp-json\/wp\/v2\/posts"}],"about":[{"href":"https:\/\/www.lab.eus\/es\/wp-json\/wp\/v2\/types\/post"}],"author":[{"embeddable":true,"href":"https:\/\/www.lab.eus\/es\/wp-json\/wp\/v2\/users\/1189"}],"replies":[{"embeddable":true,"href":"https:\/\/www.lab.eus\/es\/wp-json\/wp\/v2\/comments?post=49234"}],"version-history":[{"count":0,"href":"https:\/\/www.lab.eus\/es\/wp-json\/wp\/v2\/posts\/49234\/revisions"}],"wp:featuredmedia":[{"embeddable":true,"href":"https:\/\/www.lab.eus\/es\/wp-json\/wp\/v2\/media\/49231"}],"wp:attachment":[{"href":"https:\/\/www.lab.eus\/es\/wp-json\/wp\/v2\/media?parent=49234"}],"wp:term":[{"taxonomy":"category","embeddable":true,"href":"https:\/\/www.lab.eus\/es\/wp-json\/wp\/v2\/categories?post=49234"},{"taxonomy":"post_tag","embeddable":true,"href":"https:\/\/www.lab.eus\/es\/wp-json\/wp\/v2\/tags?post=49234"}],"curies":[{"name":"wp","href":"https:\/\/api.w.org\/{rel}","templated":true}]}}