{"id":49196,"date":"2022-06-21T11:28:19","date_gmt":"2022-06-21T11:28:19","guid":{"rendered":"https:\/\/www.lab.eus\/?p=49196"},"modified":"2022-06-22T13:54:34","modified_gmt":"2022-06-22T13:54:34","slug":"las-y-los-trabajadores-de-alojamientos-turisticos-de-gipuzkoa-abren-la-puerta-a-la-huelga-en-defensa-de-un-convenio-digno","status":"publish","type":"post","link":"https:\/\/www.lab.eus\/es\/las-y-los-trabajadores-de-alojamientos-turisticos-de-gipuzkoa-abren-la-puerta-a-la-huelga-en-defensa-de-un-convenio-digno\/","title":{"rendered":"Las y los trabajadores de alojamientos tur\u00edsticos de Gipuzkoa abren la puerta a la huelga en defensa de un convenio digno"},"content":{"rendered":"\n<p>Los sindicatos nos hemos unido en el sector de alojamientos tur\u00edsticos de Gipuzkoa. En concreto, haremos huelgas los d\u00edas 7, 8 y 9 de julio y afectar\u00e1 a hoteles, campings, pensiones y apartamentos tur\u00edsticos. El sector aglutina a casi 2.000 trabajadoras y trabajadores.<\/p>\n\n\n\n<div class=\"wp-block-file\"><a href=\"https:\/\/www.lab.eus\/wp-content\/uploads\/2022\/06\/ALOJAMIENTOS.pdf\">Lectura del sindicato LAB<\/a><a href=\"https:\/\/www.lab.eus\/wp-content\/uploads\/2022\/06\/ALOJAMIENTOS.pdf\" class=\"wp-block-file__button\" download>Deskargatu<\/a><\/div>\n\n\n\n<div class=\"wp-block-file\"><a href=\"https:\/\/www.lab.eus\/wp-content\/uploads\/2022\/06\/RUEDA-DE-PRENSA-21-junio.pdf\">Comunicado conjunto de los sindicatos<\/a><a href=\"https:\/\/www.lab.eus\/wp-content\/uploads\/2022\/06\/RUEDA-DE-PRENSA-21-junio.pdf\" class=\"wp-block-file__button\" download>Deskargatu<\/a><\/div>\n\n\n\n<p>El pasado jueves tuvimos una reuni\u00f3n en el Consejo de Relaciones Laborales con Adegi y la Asociaci\u00f3n de Empresarios de Hosteler\u00eda de Gipuzkoa, patronales del sector, y no hubo avances en aras de lograr un convenio digno. Las patronales incluso quieren empeorar las condiciones laborales.<\/p>\n","protected":false},"excerpt":{"rendered":"<p>Haremos huelgas los d\u00edas 7, 8 y 9 de julio y afectar\u00e1 a hoteles, campings, pensiones y apartamentos tur\u00edsticos.<\/p>\n","protected":false},"author":1189,"featured_media":49192,"comment_status":"closed","ping_status":"closed","sticky":false,"template":"","format":"standard","meta":{"_monsterinsights_skip_tracking":false,"_monsterinsights_sitenote_active":false,"_monsterinsights_sitenote_note":"","_monsterinsights_sitenote_category":0,"footnotes":"","_links_to":"","_links_to_target":""},"categories":[18,2956,8],"tags":[3033,3178,3172],"class_list":{"0":"post-49196","1":"post","2":"type-post","3":"status-publish","4":"format-standard","5":"has-post-thumbnail","7":"category-es-accion-sindical","8":"category-hosteleria","9":"category-es-servicios-privados","10":"tag-accion-sindical-es","11":"tag-destacado-1","12":"tag-servicios-privados-es"},"_links":{"self":[{"href":"https:\/\/www.lab.eus\/es\/wp-json\/wp\/v2\/posts\/49196","targetHints":{"allow":["GET"]}}],"collection":[{"href":"https:\/\/www.lab.eus\/es\/wp-json\/wp\/v2\/posts"}],"about":[{"href":"https:\/\/www.lab.eus\/es\/wp-json\/wp\/v2\/types\/post"}],"author":[{"embeddable":true,"href":"https:\/\/www.lab.eus\/es\/wp-json\/wp\/v2\/users\/1189"}],"replies":[{"embeddable":true,"href":"https:\/\/www.lab.eus\/es\/wp-json\/wp\/v2\/comments?post=49196"}],"version-history":[{"count":0,"href":"https:\/\/www.lab.eus\/es\/wp-json\/wp\/v2\/posts\/49196\/revisions"}],"wp:featuredmedia":[{"embeddable":true,"href":"https:\/\/www.lab.eus\/es\/wp-json\/wp\/v2\/media\/49192"}],"wp:attachment":[{"href":"https:\/\/www.lab.eus\/es\/wp-json\/wp\/v2\/media?parent=49196"}],"wp:term":[{"taxonomy":"category","embeddable":true,"href":"https:\/\/www.lab.eus\/es\/wp-json\/wp\/v2\/categories?post=49196"},{"taxonomy":"post_tag","embeddable":true,"href":"https:\/\/www.lab.eus\/es\/wp-json\/wp\/v2\/tags?post=49196"}],"curies":[{"name":"wp","href":"https:\/\/api.w.org\/{rel}","templated":true}]}}