{"id":49188,"date":"2022-06-21T10:49:41","date_gmt":"2022-06-21T10:49:41","guid":{"rendered":"https:\/\/www.lab.eus\/?p=49188"},"modified":"2022-06-21T10:50:03","modified_gmt":"2022-06-21T10:50:03","slug":"decima-jornada-de-huelga-del-sector-de-la-limpieza-de-bizkaia-en-demanda-de-un-salario-minimo-de-1-200-euros-en-15-pagas","status":"publish","type":"post","link":"https:\/\/www.lab.eus\/es\/decima-jornada-de-huelga-del-sector-de-la-limpieza-de-bizkaia-en-demanda-de-un-salario-minimo-de-1-200-euros-en-15-pagas\/","title":{"rendered":"D\u00e9cima jornada de huelga del sector de la limpieza de Bizkaia en demanda de un salario m\u00ednimo de 1.200 euros en 15 pagas"},"content":{"rendered":"\n<p>El pasado viernes, 17 de junio, se realiz\u00f3 la reuni\u00f3n de la mesa negociadora del Convenio de Limpieza de Bizkaia. Despu\u00e9s de que las patronales pospusieran hasta en dos ocasiones dicha reuni\u00f3n, vinieron con las manos vacias. No trajeron ninguna propuesta y pidieron m\u00e1s tiempo. Dicen que necesitan m\u00e1s tiempo para realizar una propuesta conjunta pero la paciencia de las trabajadoras se est\u00e1 agotando. Con esta actitud no est\u00e1n m\u00e1s que faltando el respeto a las 12.000 trabajadoras del sector.<\/p>\n\n\n\n<p>Hoy hemos realizado la d\u00e9cima jornada de huelga en el sector realizando una manifestaci\u00f3n que ha finalizado frente a Cebek, despu\u00e9s de que <a href=\"https:\/\/www.lab.eus\/es\/las-huelguista-del-sector-de-limpieza-de-bizkaia-denuncian-que-se-les-esta-faltando-al-respeto\/\">ayer realiz\u00e1semos otra movilizaci\u00f3n<\/a> en la que se\u00f1al\u00e1bamos a dos empresas (Samsic y Garnica) de la patronal ASPEL con sede en Madrid. De esta manera, hemos querido denunciar el inmobilismo que han demostrado las dos patronales las \u00faltimas semanas. En la \u00faltima mesa negociadora se comprometieron a hacer una propuesta en la pr\u00f3xima mesa negociadora convocada para el 6 de julio, pero si la situaci\u00f3n no se revierte tenemos claro que en septiembre iniciaremos el curso con un dise\u00f1o de huelgas m\u00e1s duro y m\u00e1s numeroso.<\/p>\n\n\n\n<figure class=\"wp-block-image size-large\"><img loading=\"lazy\" decoding=\"async\" width=\"1024\" height=\"576\" src=\"https:\/\/www.lab.eus\/wp-content\/uploads\/2022\/06\/Gar-2-1024x576.jpg\" alt=\"\" class=\"wp-image-49186\" srcset=\"https:\/\/www.lab.eus\/wp-content\/uploads\/2022\/06\/Gar-2-1024x576.jpg 1024w, https:\/\/www.lab.eus\/wp-content\/uploads\/2022\/06\/Gar-2-300x169.jpg 300w, https:\/\/www.lab.eus\/wp-content\/uploads\/2022\/06\/Gar-2-768x432.jpg 768w, https:\/\/www.lab.eus\/wp-content\/uploads\/2022\/06\/Gar-2-1536x864.jpg 1536w, https:\/\/www.lab.eus\/wp-content\/uploads\/2022\/06\/Gar-2-150x84.jpg 150w, https:\/\/www.lab.eus\/wp-content\/uploads\/2022\/06\/Gar-2-696x392.jpg 696w, https:\/\/www.lab.eus\/wp-content\/uploads\/2022\/06\/Gar-2-1068x601.jpg 1068w, https:\/\/www.lab.eus\/wp-content\/uploads\/2022\/06\/Gar-2-747x420.jpg 747w, https:\/\/www.lab.eus\/wp-content\/uploads\/2022\/06\/Gar-2.jpg 1600w\" sizes=\"auto, (max-width: 1024px) 100vw, 1024px\" \/><\/figure>\n\n\n\n<p>Las trabajadoras de limpieza estamos hartas de que nos ninguneen, y queremos tener unos salarios dignos que nos permitan llevar nuestra vida a cabo sin hacer malabares para llegar a fin de mes. Exigimos salarios de 1.200 euros en 15 pagas como reivindicaci\u00f3n principal del sector, y si las patronales no traen una propuesta que recoja esta reivindicaci\u00f3n queremos dejarles claro que seguiremos con movilizaciones y huelgas.<\/p>\n","protected":false},"excerpt":{"rendered":"<p>La manifestaci\u00f3n ha finalizado frente a Cebek, y, la v\u00edspera, realizamos otra movilizaci\u00f3n en la que se\u00f1al\u00e1bamos a dos empresas, Samsic y Garnica, de la patronal ASPEL con sede en Madrid.<\/p>\n","protected":false},"author":1189,"featured_media":49184,"comment_status":"closed","ping_status":"closed","sticky":false,"template":"","format":"standard","meta":{"_monsterinsights_skip_tracking":false,"_monsterinsights_sitenote_active":false,"_monsterinsights_sitenote_note":"","_monsterinsights_sitenote_category":0,"footnotes":"","_links_to":"","_links_to_target":""},"categories":[18,2944,8],"tags":[3033,3178,3172],"class_list":{"0":"post-49188","1":"post","2":"type-post","3":"status-publish","4":"format-standard","5":"has-post-thumbnail","7":"category-es-accion-sindical","8":"category-limpieza","9":"category-es-servicios-privados","10":"tag-accion-sindical-es","11":"tag-destacado-1","12":"tag-servicios-privados-es"},"_links":{"self":[{"href":"https:\/\/www.lab.eus\/es\/wp-json\/wp\/v2\/posts\/49188","targetHints":{"allow":["GET"]}}],"collection":[{"href":"https:\/\/www.lab.eus\/es\/wp-json\/wp\/v2\/posts"}],"about":[{"href":"https:\/\/www.lab.eus\/es\/wp-json\/wp\/v2\/types\/post"}],"author":[{"embeddable":true,"href":"https:\/\/www.lab.eus\/es\/wp-json\/wp\/v2\/users\/1189"}],"replies":[{"embeddable":true,"href":"https:\/\/www.lab.eus\/es\/wp-json\/wp\/v2\/comments?post=49188"}],"version-history":[{"count":0,"href":"https:\/\/www.lab.eus\/es\/wp-json\/wp\/v2\/posts\/49188\/revisions"}],"wp:featuredmedia":[{"embeddable":true,"href":"https:\/\/www.lab.eus\/es\/wp-json\/wp\/v2\/media\/49184"}],"wp:attachment":[{"href":"https:\/\/www.lab.eus\/es\/wp-json\/wp\/v2\/media?parent=49188"}],"wp:term":[{"taxonomy":"category","embeddable":true,"href":"https:\/\/www.lab.eus\/es\/wp-json\/wp\/v2\/categories?post=49188"},{"taxonomy":"post_tag","embeddable":true,"href":"https:\/\/www.lab.eus\/es\/wp-json\/wp\/v2\/tags?post=49188"}],"curies":[{"name":"wp","href":"https:\/\/api.w.org\/{rel}","templated":true}]}}