{"id":49177,"date":"2022-06-21T08:27:43","date_gmt":"2022-06-21T08:27:43","guid":{"rendered":"https:\/\/www.lab.eus\/?p=49177"},"modified":"2022-06-21T08:27:45","modified_gmt":"2022-06-21T08:27:45","slug":"hemos-llevado-a-confebask-a-los-tribunales-por-vulnerar-el-derecho-a-la-negociacion-colectiva-de-las-trabajadoras-de-hogar","status":"publish","type":"post","link":"https:\/\/www.lab.eus\/es\/hemos-llevado-a-confebask-a-los-tribunales-por-vulnerar-el-derecho-a-la-negociacion-colectiva-de-las-trabajadoras-de-hogar\/","title":{"rendered":"Hemos llevado a Confebask a los tribunales por vulnerar el derecho a la negociaci\u00f3n colectiva de las trabajadoras de hogar"},"content":{"rendered":"\n<p>Hoy, LAB ha demandado a Confebask ante el Tribunal Superior de Justicia del Pa\u00eds Vasco <a href=\"https:\/\/www.lab.eus\/es\/impulsaremos-la-accion-sindical-hasta-que-se-constituya-la-mesa-negociadora-de-las-trabajadoras-de-hogar-y-se-consiga-la-firma-del-convenio-por-encima-de-las-trabas-impuestas-por-la-patronal\/\">por vulnerar el derecho a la negociaci\u00f3n colectiva de las trabajadoras de hogar y de cuidados<\/a>. El 9 de junio Confebask rechaz\u00f3 conformar la primera mesa de negociaci\u00f3n para crear el primer convenio colectivo para las trabajadoras de hogar y de cuidados en la CAV.<\/p>\n\n\n\n<p>Frente a esto, el pasado 11 de junio, en el marco de la asamblea de la secci\u00f3n sindical de trabajadoras de hogar se ha consensuado una agenda de confrontaci\u00f3n para visibilizar esta lucha e incidir politica y socialmente en los siguientes pasos de la negociaci\u00f3n. Las proximas acciones ser\u00e1n el 9 y 13 de julio.<\/p>\n\n\n\n<p>LAB llama a una reuni\u00f3n intersindical con la intenci\u00f3n de trabajar conjuntamente los siguientes pasos, tanto en el proceso judicial como en en conjunto de acciones sindicales.<\/p>\n\n\n\n<p>La negociaci\u00f3n colectiva es un derecho de las trabajadoras y vamos a hacer frente a los l\u00edmites impuestos por la patronal. En este camino, las alianzas son imprescindibles y por ello hacemos un llamamiento a la unidad sindical.<\/p>\n","protected":false},"excerpt":{"rendered":"<p>El 9 de junio, Confebask rechaz\u00f3 conformar la primera mesa de negociaci\u00f3n para crear el primer convenio colectivo para las trabajadoras de hogar y de cuidados en la CAV.<\/p>\n","protected":false},"author":1189,"featured_media":47259,"comment_status":"closed","ping_status":"closed","sticky":false,"template":"","format":"standard","meta":{"_monsterinsights_skip_tracking":false,"_monsterinsights_sitenote_active":false,"_monsterinsights_sitenote_note":"","_monsterinsights_sitenote_category":0,"footnotes":"","_links_to":"","_links_to_target":""},"categories":[18,3000,6,3283],"tags":[3033,3178,3217],"class_list":{"0":"post-49177","1":"post","2":"type-post","3":"status-publish","4":"format-standard","5":"has-post-thumbnail","7":"category-es-accion-sindical","8":"category-servicio-sociocomunitario","9":"category-es-servicios-publicos","10":"category-sin-categorizar","11":"tag-accion-sindical-es","12":"tag-destacado-1","13":"tag-servicios-sociocomunitarios"},"_links":{"self":[{"href":"https:\/\/www.lab.eus\/es\/wp-json\/wp\/v2\/posts\/49177","targetHints":{"allow":["GET"]}}],"collection":[{"href":"https:\/\/www.lab.eus\/es\/wp-json\/wp\/v2\/posts"}],"about":[{"href":"https:\/\/www.lab.eus\/es\/wp-json\/wp\/v2\/types\/post"}],"author":[{"embeddable":true,"href":"https:\/\/www.lab.eus\/es\/wp-json\/wp\/v2\/users\/1189"}],"replies":[{"embeddable":true,"href":"https:\/\/www.lab.eus\/es\/wp-json\/wp\/v2\/comments?post=49177"}],"version-history":[{"count":0,"href":"https:\/\/www.lab.eus\/es\/wp-json\/wp\/v2\/posts\/49177\/revisions"}],"wp:featuredmedia":[{"embeddable":true,"href":"https:\/\/www.lab.eus\/es\/wp-json\/wp\/v2\/media\/47259"}],"wp:attachment":[{"href":"https:\/\/www.lab.eus\/es\/wp-json\/wp\/v2\/media?parent=49177"}],"wp:term":[{"taxonomy":"category","embeddable":true,"href":"https:\/\/www.lab.eus\/es\/wp-json\/wp\/v2\/categories?post=49177"},{"taxonomy":"post_tag","embeddable":true,"href":"https:\/\/www.lab.eus\/es\/wp-json\/wp\/v2\/tags?post=49177"}],"curies":[{"name":"wp","href":"https:\/\/api.w.org\/{rel}","templated":true}]}}