{"id":48826,"date":"2022-06-17T11:28:50","date_gmt":"2022-06-17T11:28:50","guid":{"rendered":"https:\/\/www.lab.eus\/?p=48826"},"modified":"2022-06-17T14:30:35","modified_gmt":"2022-06-17T14:30:35","slug":"hemos-reivindicado-el-nuevo-sindicalismo-vasco-en-baiona-miarritze","status":"publish","type":"post","link":"https:\/\/www.lab.eus\/es\/hemos-reivindicado-el-nuevo-sindicalismo-vasco-en-baiona-miarritze\/","title":{"rendered":"Hemos reivindicado el nuevo sindicalismo vasco en Baiona-Miarritze"},"content":{"rendered":"\n<p>Hemos dado por concluido el X Congreso Nacional en Baiona-Miarritze tras elegir al nuevo Comit\u00e9 Nacional, con un amplio apoyo del 94%. En esta segunda jornada, hemos dirigido la mirada al camino que se abre hacia un sindicalismo transformador. LAB es aire fresco, personifica el nuevo sindicalismo vasco. Hemos demostrado una nueva forma de hacer las cosas en el congreso y tambi\u00e9n lo haremos a partir de ahora, con una doble coordinaci\u00f3n general.<\/p>\n\n\n\n<div class=\"wp-block-file\"><a href=\"https:\/\/www.lab.eus\/wp-content\/uploads\/2022\/06\/LABen-NAZIO-KOMITE-1.pdf\">Nuevo Comit\u00e9 Nacional de LAB<\/a><a href=\"https:\/\/www.lab.eus\/wp-content\/uploads\/2022\/06\/LABen-NAZIO-KOMITE-1.pdf\" class=\"wp-block-file__button\" download>Deskargatu<\/a><\/div>\n\n\n\n<div class=\"wp-block-file\"><a href=\"https:\/\/www.lab.eus\/wp-content\/uploads\/2022\/06\/17_LAB_Biltzar-Nagusiko-bigarren-eguna_ES.pdf\">Comunicado de prensa<\/a><a href=\"https:\/\/www.lab.eus\/wp-content\/uploads\/2022\/06\/17_LAB_Biltzar-Nagusiko-bigarren-eguna_ES.pdf\" class=\"wp-block-file__button\" download>Deskargatu<\/a><\/div>\n\n\n\n<p>Concretamente, Garbi\u00f1e Aranburu e Igor Arroyo han sido las dos personas nombradas como coordinadoras generales del sindicato, en lugar de una persona como secretaria general. Un di\u00e1logo entre ambas personas ha redondeado el Congreso Nacional llevado a cabo el jueves y el viernes bajo el lema \u00abBagara bagoaz\u00bb.<\/p>\n\n\n\n<figure class=\"wp-block-embed is-type-video is-provider-youtube wp-block-embed-youtube wp-embed-aspect-16-9 wp-has-aspect-ratio\"><div class=\"wp-block-embed__wrapper\">\n<div class=\"youtube-embed\" data-video_id=\"DRjXXW3ML1w\"><iframe loading=\"lazy\" title=\"Euskal sindikalismo berria aldarrikatu dugu 10. Biltzar Nagusian\" width=\"696\" height=\"392\" src=\"https:\/\/www.youtube.com\/embed\/DRjXXW3ML1w?feature=oembed&#038;enablejsapi=1\" frameborder=\"0\" allow=\"accelerometer; autoplay; clipboard-write; encrypted-media; gyroscope; picture-in-picture\" allowfullscreen><\/iframe><\/div>\n<\/div><\/figure>\n\n\n\n<p>Somos. Y, \u00bfqu\u00e9 somos? \u00abSomos los que ponen palabra al pensamiento y acci\u00f3n a la palabra. Somos diversas y diversos. Somos trabajadoras y trabajadores. Y nuestras manos, nuestro trabajo es el que sustenta la vida\u00bb, ha reflexionado Garbi\u00f1e Aranburu.<\/p>\n\n\n\n<p>\u00abS\u00ed, nuestro trabajo mueve el mundo, pero tambi\u00e9n los capitalistas se enriquecen a costa del trabajo que hacemos. Se enriquecen gracias a nuestra ingente labor en el empleo y el cuidado. De la toma de conciencia de esa explotaci\u00f3n naci\u00f3 el sindicalismo en todos los rincones del mundo, tambi\u00e9n en Euskal Herria. LAB es heredero de la lucha de clases a nivel internacional, ha proseguido Igor Arroyo.<\/p>\n\n\n\n<p>Tenemos abierta la posibilidad de crear una Euskal Herria independiente, socialista, feminista y euskaldun. Aferradas y aferrados s\u00f3lidamente a las ra\u00edces, es el momento de extender las ramas, es el momento de florecer y recoger el fruto. De ello hemos estado hablando estos d\u00edas. Para hacer frente a la crisis sist\u00e9mica que vivimos, hemos tomado nuevas decisiones. Estamos repensando e innovando constantemente nuestro modelo sindical. Con valent\u00eda, con determinaci\u00f3n.<\/p>\n\n\n\n<p>Tal y como ha explicado Igor Arroyo, \u00abLAB es un instrumento que ponemos en manos de toda y todo trabajador vasco, un instrumento de lucha por unas condiciones de trabajo y de vida dignas de toda y todo trabajador. Un sindicato que traiga al centro a las y los trabajadores que est\u00e1n en los m\u00e1rgenes. Un sindicato para todas y todos los trabajadores. Un sindicato que no se limita a denunciar la situaci\u00f3n. Un sindicato propositivo. Somos transformadoras y transformadores. Somos el nuevo sindicalismo vasco\u00bb.<\/p>\n\n\n\n<p>En palabras de Garbi\u00f1e Aranburu, \u00abnos estamos expandiendo constantemente de manera notable: cuanto m\u00e1s firme es LAB, cuanto m\u00e1s decisiva, m\u00e1s fuerte es la lucha en los centros de trabajo y en la calle. Dijimos que hab\u00eda que poner en marcha un nuevo ciclo de lucha y lo hemos hecho. Hemos puesto l\u00edmites a la destrucci\u00f3n de empleo. Hemos afrontado el desmantelamiento de los servicios p\u00fablicos. Hemos tra\u00eddo al centro la lucha de los sectores feminizados. Hemos emprendido el camino para conseguir el reconocimiento debido a las trabajadoras de hogar. Hemos promovido un sinf\u00edn de luchas por toda Euskal Herria. Y con numerosas victorias\u00bb.<\/p>\n\n\n\n<p>Todas estas luchas, todas esas victorias, alimentan la transformaci\u00f3n social y pol\u00edtica que necesitamos las y los trabajadores vascos. Hagamos posible en Euskal Herria lo que no es posible en Par\u00eds y Madrid. Hagamos posible en Euskal Herria la transici\u00f3n ecosocialista y feminista que urge. LAB ser\u00e1 el acicate para ello. LAB ser\u00e1 la referencia sindical de la izquierda independentista. Adem\u00e1s de proclamar la Rep\u00fablica Vasca, desde el sindicalismo tambi\u00e9n vamos a construir la Rep\u00fablica Vasca. Vamos a materializar el C\u00f3digo Laboral Vasco, la Seguridad Social Vasca, el marco socioecon\u00f3mico vasco. Estamos preparadas y preparados para posicionarnos, y nos posicionaremos\u00bb, ha puntualizado Igor Arroyo.<\/p>\n\n\n\n<p>Vamos a dar aire fresco al sindicalismo. Con total disposici\u00f3n para ver y aprender. Con humildad, pero orgullosas y orgullosos. Vamos a convertir a LAB en el hogar de todas y todos los trabajadores vascos. Vamos a combatir toda discriminaci\u00f3n. Vamos a profundizar en el sindicalismo feminista. Y nos vamos a transformar en un sindicato antirracista.<\/p>\n\n\n\n<p>Vamos a expandir y reforzar el sindicalismo independentista a ambos lados de la muga. Vamos a organizar m\u00e1s luchas y huelgas en los centros de trabajo. Vamos a profundizar en las luchas sociales. \u00aby para abordar estos retos, necesitamos una direcci\u00f3n s\u00f3lida y eficaz. M\u00e1s colegiada, m\u00e1s feminista\u00bb, ha a\u00f1adido Garbi\u00f1e Aranburu.<\/p>\n\n\n\n<p><strong>Ma\u00f1ana repleta de emociones<\/strong><\/p>\n\n\n\n<p>Hemos iniciado la segunda jornada del Congreso Nacional con las intervenciones de las y los invitados. Han tomado la palabra representantes de organizaciones como EH Bai, EH Bildu, ELA, FSM&#8230; A continuaci\u00f3n, hemos presentado una declaraci\u00f3n firmada por los sindicatos de \u00e1mbito internacional sobre la autodeterminaci\u00f3n de los pueblos, le\u00edda por representantes del S\u00e1hara y Palestina. El grupo internacional de mujeres tambi\u00e9n ha le\u00eddo una declaraci\u00f3n, \u00e9sta centrada en el empoderamiento y de la importancia de las mujeres en la lucha.<\/p>\n\n\n\n<p>Tras el descanso, hemos vivido momentos emotivos. Entre m\u00fasica, poes\u00eda y danza, hemos hecho un reconocimiento a las mujeres de LAB y tambi\u00e9n a Ainhoa Etxaide, ex secretaria general del sindicato.<\/p>\n\n\n\n<p>A continuaci\u00f3n, hemos proyectado el videoclip compuesto expresamente para el Congreso Nacional, la versi\u00f3n en euskara de la canci\u00f3n \u00abBella ciao\u00bb. Tras el di\u00e1logo de Garbi\u00f1e Aranburu e Igor Arroyo, con el nuevo Comit\u00e9 Nacional en el escenario, la canci\u00f3n ha sido interpretada en directo por la cantante del videoclip, acompa\u00f1ada por las personas asistentes. Una vez m\u00e1s, Bagara, bagoaz!<\/p>\n\n\n\n<figure class=\"wp-block-gallery columns-3 is-cropped wp-block-gallery-1 is-layout-flex wp-block-gallery-is-layout-flex\"><ul class=\"blocks-gallery-grid\"><li class=\"blocks-gallery-item\"><figure><img loading=\"lazy\" decoding=\"async\" width=\"1024\" height=\"682\" src=\"https:\/\/www.lab.eus\/wp-content\/uploads\/2022\/06\/IMG_20220617_133554_594-1024x682.jpg\" alt=\"\" data-id=\"49083\" data-full-url=\"https:\/\/www.lab.eus\/wp-content\/uploads\/2022\/06\/IMG_20220617_133554_594.jpg\" data-link=\"https:\/\/www.lab.eus\/es\/hemos-reivindicado-el-nuevo-sindicalismo-vasco-en-baiona-miarritze\/img_20220617_133554_594-2\/\" class=\"wp-image-49083\" srcset=\"https:\/\/www.lab.eus\/wp-content\/uploads\/2022\/06\/IMG_20220617_133554_594-1024x682.jpg 1024w, https:\/\/www.lab.eus\/wp-content\/uploads\/2022\/06\/IMG_20220617_133554_594-300x200.jpg 300w, https:\/\/www.lab.eus\/wp-content\/uploads\/2022\/06\/IMG_20220617_133554_594-768x512.jpg 768w, https:\/\/www.lab.eus\/wp-content\/uploads\/2022\/06\/IMG_20220617_133554_594-150x100.jpg 150w, https:\/\/www.lab.eus\/wp-content\/uploads\/2022\/06\/IMG_20220617_133554_594-696x464.jpg 696w, https:\/\/www.lab.eus\/wp-content\/uploads\/2022\/06\/IMG_20220617_133554_594-1068x712.jpg 1068w, https:\/\/www.lab.eus\/wp-content\/uploads\/2022\/06\/IMG_20220617_133554_594-630x420.jpg 630w, https:\/\/www.lab.eus\/wp-content\/uploads\/2022\/06\/IMG_20220617_133554_594.jpg 1280w\" sizes=\"auto, (max-width: 1024px) 100vw, 1024px\" \/><\/figure><\/li><li class=\"blocks-gallery-item\"><figure><img loading=\"lazy\" decoding=\"async\" width=\"1024\" height=\"682\" src=\"https:\/\/www.lab.eus\/wp-content\/uploads\/2022\/06\/IMG_20220617_133559_648-1024x682.jpg\" alt=\"\" data-id=\"49081\" data-full-url=\"https:\/\/www.lab.eus\/wp-content\/uploads\/2022\/06\/IMG_20220617_133559_648.jpg\" data-link=\"https:\/\/www.lab.eus\/es\/hemos-reivindicado-el-nuevo-sindicalismo-vasco-en-baiona-miarritze\/img_20220617_133559_648-2\/\" class=\"wp-image-49081\" srcset=\"https:\/\/www.lab.eus\/wp-content\/uploads\/2022\/06\/IMG_20220617_133559_648-1024x682.jpg 1024w, https:\/\/www.lab.eus\/wp-content\/uploads\/2022\/06\/IMG_20220617_133559_648-300x200.jpg 300w, https:\/\/www.lab.eus\/wp-content\/uploads\/2022\/06\/IMG_20220617_133559_648-768x512.jpg 768w, https:\/\/www.lab.eus\/wp-content\/uploads\/2022\/06\/IMG_20220617_133559_648-150x100.jpg 150w, https:\/\/www.lab.eus\/wp-content\/uploads\/2022\/06\/IMG_20220617_133559_648-696x464.jpg 696w, https:\/\/www.lab.eus\/wp-content\/uploads\/2022\/06\/IMG_20220617_133559_648-1068x712.jpg 1068w, https:\/\/www.lab.eus\/wp-content\/uploads\/2022\/06\/IMG_20220617_133559_648-630x420.jpg 630w, https:\/\/www.lab.eus\/wp-content\/uploads\/2022\/06\/IMG_20220617_133559_648.jpg 1280w\" sizes=\"auto, (max-width: 1024px) 100vw, 1024px\" \/><\/figure><\/li><li class=\"blocks-gallery-item\"><figure><img loading=\"lazy\" decoding=\"async\" width=\"1024\" height=\"682\" src=\"https:\/\/www.lab.eus\/wp-content\/uploads\/2022\/06\/IMG_20220617_133610_161-1024x682.jpg\" alt=\"\" data-id=\"49079\" data-full-url=\"https:\/\/www.lab.eus\/wp-content\/uploads\/2022\/06\/IMG_20220617_133610_161.jpg\" data-link=\"https:\/\/www.lab.eus\/es\/hemos-reivindicado-el-nuevo-sindicalismo-vasco-en-baiona-miarritze\/img_20220617_133610_161-2\/\" class=\"wp-image-49079\" srcset=\"https:\/\/www.lab.eus\/wp-content\/uploads\/2022\/06\/IMG_20220617_133610_161-1024x682.jpg 1024w, https:\/\/www.lab.eus\/wp-content\/uploads\/2022\/06\/IMG_20220617_133610_161-300x200.jpg 300w, https:\/\/www.lab.eus\/wp-content\/uploads\/2022\/06\/IMG_20220617_133610_161-768x512.jpg 768w, https:\/\/www.lab.eus\/wp-content\/uploads\/2022\/06\/IMG_20220617_133610_161-150x100.jpg 150w, https:\/\/www.lab.eus\/wp-content\/uploads\/2022\/06\/IMG_20220617_133610_161-696x464.jpg 696w, https:\/\/www.lab.eus\/wp-content\/uploads\/2022\/06\/IMG_20220617_133610_161-1068x712.jpg 1068w, https:\/\/www.lab.eus\/wp-content\/uploads\/2022\/06\/IMG_20220617_133610_161-630x420.jpg 630w, https:\/\/www.lab.eus\/wp-content\/uploads\/2022\/06\/IMG_20220617_133610_161.jpg 1280w\" sizes=\"auto, (max-width: 1024px) 100vw, 1024px\" \/><\/figure><\/li><li class=\"blocks-gallery-item\"><figure><img loading=\"lazy\" decoding=\"async\" width=\"1024\" height=\"682\" src=\"https:\/\/www.lab.eus\/wp-content\/uploads\/2022\/06\/IMG_20220617_133619_209-1024x682.jpg\" alt=\"\" data-id=\"49077\" data-full-url=\"https:\/\/www.lab.eus\/wp-content\/uploads\/2022\/06\/IMG_20220617_133619_209.jpg\" data-link=\"https:\/\/www.lab.eus\/es\/hemos-reivindicado-el-nuevo-sindicalismo-vasco-en-baiona-miarritze\/img_20220617_133619_209-2\/\" class=\"wp-image-49077\" srcset=\"https:\/\/www.lab.eus\/wp-content\/uploads\/2022\/06\/IMG_20220617_133619_209-1024x682.jpg 1024w, https:\/\/www.lab.eus\/wp-content\/uploads\/2022\/06\/IMG_20220617_133619_209-300x200.jpg 300w, https:\/\/www.lab.eus\/wp-content\/uploads\/2022\/06\/IMG_20220617_133619_209-768x512.jpg 768w, https:\/\/www.lab.eus\/wp-content\/uploads\/2022\/06\/IMG_20220617_133619_209-150x100.jpg 150w, https:\/\/www.lab.eus\/wp-content\/uploads\/2022\/06\/IMG_20220617_133619_209-696x464.jpg 696w, https:\/\/www.lab.eus\/wp-content\/uploads\/2022\/06\/IMG_20220617_133619_209-1068x712.jpg 1068w, https:\/\/www.lab.eus\/wp-content\/uploads\/2022\/06\/IMG_20220617_133619_209-630x420.jpg 630w, https:\/\/www.lab.eus\/wp-content\/uploads\/2022\/06\/IMG_20220617_133619_209.jpg 1280w\" sizes=\"auto, (max-width: 1024px) 100vw, 1024px\" \/><\/figure><\/li><li class=\"blocks-gallery-item\"><figure><img loading=\"lazy\" decoding=\"async\" width=\"1024\" height=\"682\" src=\"https:\/\/www.lab.eus\/wp-content\/uploads\/2022\/06\/IMG_20220617_133622_804-1024x682.jpg\" alt=\"\" data-id=\"49075\" data-full-url=\"https:\/\/www.lab.eus\/wp-content\/uploads\/2022\/06\/IMG_20220617_133622_804.jpg\" data-link=\"https:\/\/www.lab.eus\/es\/hemos-reivindicado-el-nuevo-sindicalismo-vasco-en-baiona-miarritze\/img_20220617_133622_804-2\/\" class=\"wp-image-49075\" srcset=\"https:\/\/www.lab.eus\/wp-content\/uploads\/2022\/06\/IMG_20220617_133622_804-1024x682.jpg 1024w, https:\/\/www.lab.eus\/wp-content\/uploads\/2022\/06\/IMG_20220617_133622_804-300x200.jpg 300w, https:\/\/www.lab.eus\/wp-content\/uploads\/2022\/06\/IMG_20220617_133622_804-768x512.jpg 768w, https:\/\/www.lab.eus\/wp-content\/uploads\/2022\/06\/IMG_20220617_133622_804-150x100.jpg 150w, https:\/\/www.lab.eus\/wp-content\/uploads\/2022\/06\/IMG_20220617_133622_804-696x464.jpg 696w, https:\/\/www.lab.eus\/wp-content\/uploads\/2022\/06\/IMG_20220617_133622_804-1068x712.jpg 1068w, https:\/\/www.lab.eus\/wp-content\/uploads\/2022\/06\/IMG_20220617_133622_804-630x420.jpg 630w, https:\/\/www.lab.eus\/wp-content\/uploads\/2022\/06\/IMG_20220617_133622_804.jpg 1280w\" sizes=\"auto, (max-width: 1024px) 100vw, 1024px\" \/><\/figure><\/li><li class=\"blocks-gallery-item\"><figure><img loading=\"lazy\" decoding=\"async\" width=\"1024\" height=\"459\" src=\"https:\/\/www.lab.eus\/wp-content\/uploads\/2022\/06\/IMG_20220617_122044-1024x459.jpg\" alt=\"\" data-id=\"49066\" data-full-url=\"https:\/\/www.lab.eus\/wp-content\/uploads\/2022\/06\/IMG_20220617_122044-scaled.jpg\" data-link=\"https:\/\/www.lab.eus\/es\/hemos-reivindicado-el-nuevo-sindicalismo-vasco-en-baiona-miarritze\/img_20220617_122044-2\/\" class=\"wp-image-49066\" srcset=\"https:\/\/www.lab.eus\/wp-content\/uploads\/2022\/06\/IMG_20220617_122044-1024x459.jpg 1024w, https:\/\/www.lab.eus\/wp-content\/uploads\/2022\/06\/IMG_20220617_122044-300x135.jpg 300w, https:\/\/www.lab.eus\/wp-content\/uploads\/2022\/06\/IMG_20220617_122044-768x344.jpg 768w, https:\/\/www.lab.eus\/wp-content\/uploads\/2022\/06\/IMG_20220617_122044-1536x689.jpg 1536w, https:\/\/www.lab.eus\/wp-content\/uploads\/2022\/06\/IMG_20220617_122044-2048x919.jpg 2048w, https:\/\/www.lab.eus\/wp-content\/uploads\/2022\/06\/IMG_20220617_122044-150x67.jpg 150w, https:\/\/www.lab.eus\/wp-content\/uploads\/2022\/06\/IMG_20220617_122044-696x312.jpg 696w, https:\/\/www.lab.eus\/wp-content\/uploads\/2022\/06\/IMG_20220617_122044-1068x479.jpg 1068w, https:\/\/www.lab.eus\/wp-content\/uploads\/2022\/06\/IMG_20220617_122044-1920x861.jpg 1920w, https:\/\/www.lab.eus\/wp-content\/uploads\/2022\/06\/IMG_20220617_122044-936x420.jpg 936w\" sizes=\"auto, (max-width: 1024px) 100vw, 1024px\" \/><\/figure><\/li><li class=\"blocks-gallery-item\"><figure><img loading=\"lazy\" decoding=\"async\" width=\"1024\" height=\"768\" src=\"https:\/\/www.lab.eus\/wp-content\/uploads\/2022\/06\/IMG20220617122627-1024x768.jpg\" alt=\"\" data-id=\"49064\" data-full-url=\"https:\/\/www.lab.eus\/wp-content\/uploads\/2022\/06\/IMG20220617122627-scaled.jpg\" data-link=\"https:\/\/www.lab.eus\/es\/hemos-reivindicado-el-nuevo-sindicalismo-vasco-en-baiona-miarritze\/img20220617122627-2\/\" class=\"wp-image-49064\" srcset=\"https:\/\/www.lab.eus\/wp-content\/uploads\/2022\/06\/IMG20220617122627-1024x768.jpg 1024w, https:\/\/www.lab.eus\/wp-content\/uploads\/2022\/06\/IMG20220617122627-300x225.jpg 300w, https:\/\/www.lab.eus\/wp-content\/uploads\/2022\/06\/IMG20220617122627-768x576.jpg 768w, https:\/\/www.lab.eus\/wp-content\/uploads\/2022\/06\/IMG20220617122627-1536x1152.jpg 1536w, https:\/\/www.lab.eus\/wp-content\/uploads\/2022\/06\/IMG20220617122627-2048x1536.jpg 2048w, https:\/\/www.lab.eus\/wp-content\/uploads\/2022\/06\/IMG20220617122627-150x113.jpg 150w, https:\/\/www.lab.eus\/wp-content\/uploads\/2022\/06\/IMG20220617122627-696x522.jpg 696w, https:\/\/www.lab.eus\/wp-content\/uploads\/2022\/06\/IMG20220617122627-1068x801.jpg 1068w, https:\/\/www.lab.eus\/wp-content\/uploads\/2022\/06\/IMG20220617122627-1920x1440.jpg 1920w, https:\/\/www.lab.eus\/wp-content\/uploads\/2022\/06\/IMG20220617122627-560x420.jpg 560w, https:\/\/www.lab.eus\/wp-content\/uploads\/2022\/06\/IMG20220617122627-80x60.jpg 80w, https:\/\/www.lab.eus\/wp-content\/uploads\/2022\/06\/IMG20220617122627-265x198.jpg 265w\" sizes=\"auto, (max-width: 1024px) 100vw, 1024px\" \/><\/figure><\/li><li class=\"blocks-gallery-item\"><figure><img loading=\"lazy\" decoding=\"async\" width=\"1024\" height=\"768\" src=\"https:\/\/www.lab.eus\/wp-content\/uploads\/2022\/06\/IMG20220617125040-1024x768.jpg\" alt=\"\" data-id=\"49060\" data-full-url=\"https:\/\/www.lab.eus\/wp-content\/uploads\/2022\/06\/IMG20220617125040-scaled.jpg\" data-link=\"https:\/\/www.lab.eus\/es\/hemos-reivindicado-el-nuevo-sindicalismo-vasco-en-baiona-miarritze\/img20220617125040-2\/\" class=\"wp-image-49060\" srcset=\"https:\/\/www.lab.eus\/wp-content\/uploads\/2022\/06\/IMG20220617125040-1024x768.jpg 1024w, https:\/\/www.lab.eus\/wp-content\/uploads\/2022\/06\/IMG20220617125040-300x225.jpg 300w, https:\/\/www.lab.eus\/wp-content\/uploads\/2022\/06\/IMG20220617125040-768x576.jpg 768w, https:\/\/www.lab.eus\/wp-content\/uploads\/2022\/06\/IMG20220617125040-1536x1152.jpg 1536w, https:\/\/www.lab.eus\/wp-content\/uploads\/2022\/06\/IMG20220617125040-2048x1536.jpg 2048w, https:\/\/www.lab.eus\/wp-content\/uploads\/2022\/06\/IMG20220617125040-150x113.jpg 150w, https:\/\/www.lab.eus\/wp-content\/uploads\/2022\/06\/IMG20220617125040-696x522.jpg 696w, https:\/\/www.lab.eus\/wp-content\/uploads\/2022\/06\/IMG20220617125040-1068x801.jpg 1068w, https:\/\/www.lab.eus\/wp-content\/uploads\/2022\/06\/IMG20220617125040-1920x1440.jpg 1920w, https:\/\/www.lab.eus\/wp-content\/uploads\/2022\/06\/IMG20220617125040-560x420.jpg 560w, https:\/\/www.lab.eus\/wp-content\/uploads\/2022\/06\/IMG20220617125040-80x60.jpg 80w, https:\/\/www.lab.eus\/wp-content\/uploads\/2022\/06\/IMG20220617125040-265x198.jpg 265w\" sizes=\"auto, (max-width: 1024px) 100vw, 1024px\" \/><\/figure><\/li><li class=\"blocks-gallery-item\"><figure><img loading=\"lazy\" decoding=\"async\" width=\"1024\" height=\"768\" src=\"https:\/\/www.lab.eus\/wp-content\/uploads\/2022\/06\/IMG20220617130022-1024x768.jpg\" alt=\"\" data-id=\"49058\" data-full-url=\"https:\/\/www.lab.eus\/wp-content\/uploads\/2022\/06\/IMG20220617130022-scaled.jpg\" data-link=\"https:\/\/www.lab.eus\/es\/hemos-reivindicado-el-nuevo-sindicalismo-vasco-en-baiona-miarritze\/img20220617130022-2\/\" class=\"wp-image-49058\" srcset=\"https:\/\/www.lab.eus\/wp-content\/uploads\/2022\/06\/IMG20220617130022-1024x768.jpg 1024w, https:\/\/www.lab.eus\/wp-content\/uploads\/2022\/06\/IMG20220617130022-300x225.jpg 300w, https:\/\/www.lab.eus\/wp-content\/uploads\/2022\/06\/IMG20220617130022-768x576.jpg 768w, https:\/\/www.lab.eus\/wp-content\/uploads\/2022\/06\/IMG20220617130022-1536x1152.jpg 1536w, https:\/\/www.lab.eus\/wp-content\/uploads\/2022\/06\/IMG20220617130022-2048x1536.jpg 2048w, https:\/\/www.lab.eus\/wp-content\/uploads\/2022\/06\/IMG20220617130022-150x113.jpg 150w, https:\/\/www.lab.eus\/wp-content\/uploads\/2022\/06\/IMG20220617130022-696x522.jpg 696w, https:\/\/www.lab.eus\/wp-content\/uploads\/2022\/06\/IMG20220617130022-1068x801.jpg 1068w, https:\/\/www.lab.eus\/wp-content\/uploads\/2022\/06\/IMG20220617130022-1920x1440.jpg 1920w, https:\/\/www.lab.eus\/wp-content\/uploads\/2022\/06\/IMG20220617130022-560x420.jpg 560w, https:\/\/www.lab.eus\/wp-content\/uploads\/2022\/06\/IMG20220617130022-80x60.jpg 80w, https:\/\/www.lab.eus\/wp-content\/uploads\/2022\/06\/IMG20220617130022-265x198.jpg 265w\" sizes=\"auto, (max-width: 1024px) 100vw, 1024px\" \/><\/figure><\/li><li class=\"blocks-gallery-item\"><figure><img loading=\"lazy\" decoding=\"async\" width=\"1024\" height=\"768\" src=\"https:\/\/www.lab.eus\/wp-content\/uploads\/2022\/06\/IMG20220617124643-1024x768.jpg\" alt=\"\" data-id=\"49062\" data-full-url=\"https:\/\/www.lab.eus\/wp-content\/uploads\/2022\/06\/IMG20220617124643-scaled.jpg\" data-link=\"https:\/\/www.lab.eus\/es\/hemos-reivindicado-el-nuevo-sindicalismo-vasco-en-baiona-miarritze\/img20220617124643-2\/\" class=\"wp-image-49062\" srcset=\"https:\/\/www.lab.eus\/wp-content\/uploads\/2022\/06\/IMG20220617124643-1024x768.jpg 1024w, https:\/\/www.lab.eus\/wp-content\/uploads\/2022\/06\/IMG20220617124643-300x225.jpg 300w, https:\/\/www.lab.eus\/wp-content\/uploads\/2022\/06\/IMG20220617124643-768x576.jpg 768w, https:\/\/www.lab.eus\/wp-content\/uploads\/2022\/06\/IMG20220617124643-1536x1152.jpg 1536w, https:\/\/www.lab.eus\/wp-content\/uploads\/2022\/06\/IMG20220617124643-2048x1536.jpg 2048w, https:\/\/www.lab.eus\/wp-content\/uploads\/2022\/06\/IMG20220617124643-150x113.jpg 150w, https:\/\/www.lab.eus\/wp-content\/uploads\/2022\/06\/IMG20220617124643-696x522.jpg 696w, https:\/\/www.lab.eus\/wp-content\/uploads\/2022\/06\/IMG20220617124643-1068x801.jpg 1068w, https:\/\/www.lab.eus\/wp-content\/uploads\/2022\/06\/IMG20220617124643-1920x1440.jpg 1920w, https:\/\/www.lab.eus\/wp-content\/uploads\/2022\/06\/IMG20220617124643-560x420.jpg 560w, https:\/\/www.lab.eus\/wp-content\/uploads\/2022\/06\/IMG20220617124643-80x60.jpg 80w, https:\/\/www.lab.eus\/wp-content\/uploads\/2022\/06\/IMG20220617124643-265x198.jpg 265w\" sizes=\"auto, (max-width: 1024px) 100vw, 1024px\" \/><\/figure><\/li><li class=\"blocks-gallery-item\"><figure><img loading=\"lazy\" decoding=\"async\" width=\"1024\" height=\"768\" src=\"https:\/\/www.lab.eus\/wp-content\/uploads\/2022\/06\/IMG20220617130758-1024x768.jpg\" alt=\"\" data-id=\"49056\" data-full-url=\"https:\/\/www.lab.eus\/wp-content\/uploads\/2022\/06\/IMG20220617130758-scaled.jpg\" data-link=\"https:\/\/www.lab.eus\/es\/hemos-reivindicado-el-nuevo-sindicalismo-vasco-en-baiona-miarritze\/img20220617130758-2\/\" class=\"wp-image-49056\" srcset=\"https:\/\/www.lab.eus\/wp-content\/uploads\/2022\/06\/IMG20220617130758-1024x768.jpg 1024w, https:\/\/www.lab.eus\/wp-content\/uploads\/2022\/06\/IMG20220617130758-300x225.jpg 300w, https:\/\/www.lab.eus\/wp-content\/uploads\/2022\/06\/IMG20220617130758-768x576.jpg 768w, https:\/\/www.lab.eus\/wp-content\/uploads\/2022\/06\/IMG20220617130758-1536x1152.jpg 1536w, https:\/\/www.lab.eus\/wp-content\/uploads\/2022\/06\/IMG20220617130758-2048x1536.jpg 2048w, https:\/\/www.lab.eus\/wp-content\/uploads\/2022\/06\/IMG20220617130758-150x113.jpg 150w, https:\/\/www.lab.eus\/wp-content\/uploads\/2022\/06\/IMG20220617130758-696x522.jpg 696w, https:\/\/www.lab.eus\/wp-content\/uploads\/2022\/06\/IMG20220617130758-1068x801.jpg 1068w, https:\/\/www.lab.eus\/wp-content\/uploads\/2022\/06\/IMG20220617130758-1920x1440.jpg 1920w, https:\/\/www.lab.eus\/wp-content\/uploads\/2022\/06\/IMG20220617130758-560x420.jpg 560w, https:\/\/www.lab.eus\/wp-content\/uploads\/2022\/06\/IMG20220617130758-80x60.jpg 80w, https:\/\/www.lab.eus\/wp-content\/uploads\/2022\/06\/IMG20220617130758-265x198.jpg 265w\" sizes=\"auto, (max-width: 1024px) 100vw, 1024px\" \/><\/figure><\/li><li class=\"blocks-gallery-item\"><figure><img loading=\"lazy\" decoding=\"async\" width=\"1024\" height=\"768\" src=\"https:\/\/www.lab.eus\/wp-content\/uploads\/2022\/06\/IMG20220617094942-1-1024x768.jpg\" alt=\"\" data-id=\"49048\" data-full-url=\"https:\/\/www.lab.eus\/wp-content\/uploads\/2022\/06\/IMG20220617094942-1-scaled.jpg\" data-link=\"https:\/\/www.lab.eus\/es\/hemos-reivindicado-el-nuevo-sindicalismo-vasco-en-baiona-miarritze\/img20220617094942-1-2\/\" class=\"wp-image-49048\" srcset=\"https:\/\/www.lab.eus\/wp-content\/uploads\/2022\/06\/IMG20220617094942-1-1024x768.jpg 1024w, https:\/\/www.lab.eus\/wp-content\/uploads\/2022\/06\/IMG20220617094942-1-300x225.jpg 300w, https:\/\/www.lab.eus\/wp-content\/uploads\/2022\/06\/IMG20220617094942-1-768x576.jpg 768w, https:\/\/www.lab.eus\/wp-content\/uploads\/2022\/06\/IMG20220617094942-1-1536x1152.jpg 1536w, https:\/\/www.lab.eus\/wp-content\/uploads\/2022\/06\/IMG20220617094942-1-2048x1536.jpg 2048w, https:\/\/www.lab.eus\/wp-content\/uploads\/2022\/06\/IMG20220617094942-1-150x113.jpg 150w, https:\/\/www.lab.eus\/wp-content\/uploads\/2022\/06\/IMG20220617094942-1-696x522.jpg 696w, https:\/\/www.lab.eus\/wp-content\/uploads\/2022\/06\/IMG20220617094942-1-1068x801.jpg 1068w, https:\/\/www.lab.eus\/wp-content\/uploads\/2022\/06\/IMG20220617094942-1-1920x1440.jpg 1920w, https:\/\/www.lab.eus\/wp-content\/uploads\/2022\/06\/IMG20220617094942-1-560x420.jpg 560w, https:\/\/www.lab.eus\/wp-content\/uploads\/2022\/06\/IMG20220617094942-1-80x60.jpg 80w, https:\/\/www.lab.eus\/wp-content\/uploads\/2022\/06\/IMG20220617094942-1-265x198.jpg 265w\" sizes=\"auto, (max-width: 1024px) 100vw, 1024px\" \/><\/figure><\/li><li class=\"blocks-gallery-item\"><figure><img loading=\"lazy\" decoding=\"async\" width=\"1024\" height=\"768\" src=\"https:\/\/www.lab.eus\/wp-content\/uploads\/2022\/06\/IMG20220617095010-1-1024x768.jpg\" alt=\"\" data-id=\"49046\" data-full-url=\"https:\/\/www.lab.eus\/wp-content\/uploads\/2022\/06\/IMG20220617095010-1-scaled.jpg\" data-link=\"https:\/\/www.lab.eus\/es\/hemos-reivindicado-el-nuevo-sindicalismo-vasco-en-baiona-miarritze\/img20220617095010-1-2\/\" class=\"wp-image-49046\" srcset=\"https:\/\/www.lab.eus\/wp-content\/uploads\/2022\/06\/IMG20220617095010-1-1024x768.jpg 1024w, https:\/\/www.lab.eus\/wp-content\/uploads\/2022\/06\/IMG20220617095010-1-300x225.jpg 300w, https:\/\/www.lab.eus\/wp-content\/uploads\/2022\/06\/IMG20220617095010-1-768x576.jpg 768w, https:\/\/www.lab.eus\/wp-content\/uploads\/2022\/06\/IMG20220617095010-1-1536x1152.jpg 1536w, https:\/\/www.lab.eus\/wp-content\/uploads\/2022\/06\/IMG20220617095010-1-2048x1536.jpg 2048w, https:\/\/www.lab.eus\/wp-content\/uploads\/2022\/06\/IMG20220617095010-1-150x113.jpg 150w, https:\/\/www.lab.eus\/wp-content\/uploads\/2022\/06\/IMG20220617095010-1-696x522.jpg 696w, https:\/\/www.lab.eus\/wp-content\/uploads\/2022\/06\/IMG20220617095010-1-1068x801.jpg 1068w, https:\/\/www.lab.eus\/wp-content\/uploads\/2022\/06\/IMG20220617095010-1-1920x1440.jpg 1920w, https:\/\/www.lab.eus\/wp-content\/uploads\/2022\/06\/IMG20220617095010-1-560x420.jpg 560w, https:\/\/www.lab.eus\/wp-content\/uploads\/2022\/06\/IMG20220617095010-1-80x60.jpg 80w, https:\/\/www.lab.eus\/wp-content\/uploads\/2022\/06\/IMG20220617095010-1-265x198.jpg 265w\" sizes=\"auto, (max-width: 1024px) 100vw, 1024px\" \/><\/figure><\/li><li class=\"blocks-gallery-item\"><figure><img loading=\"lazy\" decoding=\"async\" width=\"1024\" height=\"768\" src=\"https:\/\/www.lab.eus\/wp-content\/uploads\/2022\/06\/IMG20220617095152-1024x768.jpg\" alt=\"\" data-id=\"49040\" data-full-url=\"https:\/\/www.lab.eus\/wp-content\/uploads\/2022\/06\/IMG20220617095152-scaled.jpg\" data-link=\"https:\/\/www.lab.eus\/es\/hemos-reivindicado-el-nuevo-sindicalismo-vasco-en-baiona-miarritze\/img20220617095152-2\/\" class=\"wp-image-49040\" srcset=\"https:\/\/www.lab.eus\/wp-content\/uploads\/2022\/06\/IMG20220617095152-1024x768.jpg 1024w, https:\/\/www.lab.eus\/wp-content\/uploads\/2022\/06\/IMG20220617095152-300x225.jpg 300w, https:\/\/www.lab.eus\/wp-content\/uploads\/2022\/06\/IMG20220617095152-768x576.jpg 768w, https:\/\/www.lab.eus\/wp-content\/uploads\/2022\/06\/IMG20220617095152-1536x1152.jpg 1536w, https:\/\/www.lab.eus\/wp-content\/uploads\/2022\/06\/IMG20220617095152-2048x1536.jpg 2048w, https:\/\/www.lab.eus\/wp-content\/uploads\/2022\/06\/IMG20220617095152-150x113.jpg 150w, https:\/\/www.lab.eus\/wp-content\/uploads\/2022\/06\/IMG20220617095152-696x522.jpg 696w, https:\/\/www.lab.eus\/wp-content\/uploads\/2022\/06\/IMG20220617095152-1068x801.jpg 1068w, https:\/\/www.lab.eus\/wp-content\/uploads\/2022\/06\/IMG20220617095152-1920x1440.jpg 1920w, https:\/\/www.lab.eus\/wp-content\/uploads\/2022\/06\/IMG20220617095152-560x420.jpg 560w, https:\/\/www.lab.eus\/wp-content\/uploads\/2022\/06\/IMG20220617095152-80x60.jpg 80w, https:\/\/www.lab.eus\/wp-content\/uploads\/2022\/06\/IMG20220617095152-265x198.jpg 265w\" sizes=\"auto, (max-width: 1024px) 100vw, 1024px\" \/><\/figure><\/li><li class=\"blocks-gallery-item\"><figure><img loading=\"lazy\" decoding=\"async\" width=\"1024\" height=\"768\" src=\"https:\/\/www.lab.eus\/wp-content\/uploads\/2022\/06\/IMG20220617095409-1024x768.jpg\" alt=\"\" data-id=\"49038\" data-full-url=\"https:\/\/www.lab.eus\/wp-content\/uploads\/2022\/06\/IMG20220617095409-scaled.jpg\" data-link=\"https:\/\/www.lab.eus\/es\/hemos-reivindicado-el-nuevo-sindicalismo-vasco-en-baiona-miarritze\/img20220617095409-2\/\" class=\"wp-image-49038\" srcset=\"https:\/\/www.lab.eus\/wp-content\/uploads\/2022\/06\/IMG20220617095409-1024x768.jpg 1024w, https:\/\/www.lab.eus\/wp-content\/uploads\/2022\/06\/IMG20220617095409-300x225.jpg 300w, https:\/\/www.lab.eus\/wp-content\/uploads\/2022\/06\/IMG20220617095409-768x576.jpg 768w, https:\/\/www.lab.eus\/wp-content\/uploads\/2022\/06\/IMG20220617095409-1536x1152.jpg 1536w, https:\/\/www.lab.eus\/wp-content\/uploads\/2022\/06\/IMG20220617095409-2048x1536.jpg 2048w, https:\/\/www.lab.eus\/wp-content\/uploads\/2022\/06\/IMG20220617095409-150x113.jpg 150w, https:\/\/www.lab.eus\/wp-content\/uploads\/2022\/06\/IMG20220617095409-696x522.jpg 696w, https:\/\/www.lab.eus\/wp-content\/uploads\/2022\/06\/IMG20220617095409-1068x801.jpg 1068w, https:\/\/www.lab.eus\/wp-content\/uploads\/2022\/06\/IMG20220617095409-1920x1440.jpg 1920w, https:\/\/www.lab.eus\/wp-content\/uploads\/2022\/06\/IMG20220617095409-560x420.jpg 560w, https:\/\/www.lab.eus\/wp-content\/uploads\/2022\/06\/IMG20220617095409-80x60.jpg 80w, https:\/\/www.lab.eus\/wp-content\/uploads\/2022\/06\/IMG20220617095409-265x198.jpg 265w\" sizes=\"auto, (max-width: 1024px) 100vw, 1024px\" \/><\/figure><\/li><li class=\"blocks-gallery-item\"><figure><img loading=\"lazy\" decoding=\"async\" width=\"1024\" height=\"768\" src=\"https:\/\/www.lab.eus\/wp-content\/uploads\/2022\/06\/IMG_20220617_100616_920-1024x768.jpg\" alt=\"\" data-id=\"49036\" data-full-url=\"https:\/\/www.lab.eus\/wp-content\/uploads\/2022\/06\/IMG_20220617_100616_920.jpg\" data-link=\"https:\/\/www.lab.eus\/es\/hemos-reivindicado-el-nuevo-sindicalismo-vasco-en-baiona-miarritze\/img_20220617_100616_920-2\/\" class=\"wp-image-49036\" srcset=\"https:\/\/www.lab.eus\/wp-content\/uploads\/2022\/06\/IMG_20220617_100616_920-1024x768.jpg 1024w, https:\/\/www.lab.eus\/wp-content\/uploads\/2022\/06\/IMG_20220617_100616_920-300x225.jpg 300w, https:\/\/www.lab.eus\/wp-content\/uploads\/2022\/06\/IMG_20220617_100616_920-768x576.jpg 768w, https:\/\/www.lab.eus\/wp-content\/uploads\/2022\/06\/IMG_20220617_100616_920-150x113.jpg 150w, https:\/\/www.lab.eus\/wp-content\/uploads\/2022\/06\/IMG_20220617_100616_920-696x522.jpg 696w, https:\/\/www.lab.eus\/wp-content\/uploads\/2022\/06\/IMG_20220617_100616_920-1068x801.jpg 1068w, https:\/\/www.lab.eus\/wp-content\/uploads\/2022\/06\/IMG_20220617_100616_920-560x420.jpg 560w, https:\/\/www.lab.eus\/wp-content\/uploads\/2022\/06\/IMG_20220617_100616_920-80x60.jpg 80w, https:\/\/www.lab.eus\/wp-content\/uploads\/2022\/06\/IMG_20220617_100616_920-265x198.jpg 265w, https:\/\/www.lab.eus\/wp-content\/uploads\/2022\/06\/IMG_20220617_100616_920.jpg 1280w\" sizes=\"auto, (max-width: 1024px) 100vw, 1024px\" \/><\/figure><\/li><li class=\"blocks-gallery-item\"><figure><img loading=\"lazy\" decoding=\"async\" width=\"1024\" height=\"768\" src=\"https:\/\/www.lab.eus\/wp-content\/uploads\/2022\/06\/IMG20220617102754-1024x768.jpg\" alt=\"\" data-id=\"49034\" data-full-url=\"https:\/\/www.lab.eus\/wp-content\/uploads\/2022\/06\/IMG20220617102754-scaled.jpg\" data-link=\"https:\/\/www.lab.eus\/es\/hemos-reivindicado-el-nuevo-sindicalismo-vasco-en-baiona-miarritze\/img20220617102754-2\/\" class=\"wp-image-49034\" srcset=\"https:\/\/www.lab.eus\/wp-content\/uploads\/2022\/06\/IMG20220617102754-1024x768.jpg 1024w, https:\/\/www.lab.eus\/wp-content\/uploads\/2022\/06\/IMG20220617102754-300x225.jpg 300w, https:\/\/www.lab.eus\/wp-content\/uploads\/2022\/06\/IMG20220617102754-768x576.jpg 768w, https:\/\/www.lab.eus\/wp-content\/uploads\/2022\/06\/IMG20220617102754-1536x1152.jpg 1536w, https:\/\/www.lab.eus\/wp-content\/uploads\/2022\/06\/IMG20220617102754-2048x1536.jpg 2048w, https:\/\/www.lab.eus\/wp-content\/uploads\/2022\/06\/IMG20220617102754-150x113.jpg 150w, https:\/\/www.lab.eus\/wp-content\/uploads\/2022\/06\/IMG20220617102754-696x522.jpg 696w, https:\/\/www.lab.eus\/wp-content\/uploads\/2022\/06\/IMG20220617102754-1068x801.jpg 1068w, https:\/\/www.lab.eus\/wp-content\/uploads\/2022\/06\/IMG20220617102754-1920x1440.jpg 1920w, https:\/\/www.lab.eus\/wp-content\/uploads\/2022\/06\/IMG20220617102754-560x420.jpg 560w, https:\/\/www.lab.eus\/wp-content\/uploads\/2022\/06\/IMG20220617102754-80x60.jpg 80w, https:\/\/www.lab.eus\/wp-content\/uploads\/2022\/06\/IMG20220617102754-265x198.jpg 265w\" sizes=\"auto, (max-width: 1024px) 100vw, 1024px\" \/><\/figure><\/li><li class=\"blocks-gallery-item\"><figure><img loading=\"lazy\" decoding=\"async\" width=\"1024\" height=\"768\" src=\"https:\/\/www.lab.eus\/wp-content\/uploads\/2022\/06\/IMG20220617103901-1024x768.jpg\" alt=\"\" data-id=\"49030\" data-full-url=\"https:\/\/www.lab.eus\/wp-content\/uploads\/2022\/06\/IMG20220617103901-scaled.jpg\" data-link=\"https:\/\/www.lab.eus\/es\/hemos-reivindicado-el-nuevo-sindicalismo-vasco-en-baiona-miarritze\/img20220617103901-2\/\" class=\"wp-image-49030\" srcset=\"https:\/\/www.lab.eus\/wp-content\/uploads\/2022\/06\/IMG20220617103901-1024x768.jpg 1024w, https:\/\/www.lab.eus\/wp-content\/uploads\/2022\/06\/IMG20220617103901-300x225.jpg 300w, https:\/\/www.lab.eus\/wp-content\/uploads\/2022\/06\/IMG20220617103901-768x576.jpg 768w, https:\/\/www.lab.eus\/wp-content\/uploads\/2022\/06\/IMG20220617103901-1536x1152.jpg 1536w, https:\/\/www.lab.eus\/wp-content\/uploads\/2022\/06\/IMG20220617103901-2048x1536.jpg 2048w, https:\/\/www.lab.eus\/wp-content\/uploads\/2022\/06\/IMG20220617103901-150x113.jpg 150w, https:\/\/www.lab.eus\/wp-content\/uploads\/2022\/06\/IMG20220617103901-696x522.jpg 696w, https:\/\/www.lab.eus\/wp-content\/uploads\/2022\/06\/IMG20220617103901-1068x801.jpg 1068w, https:\/\/www.lab.eus\/wp-content\/uploads\/2022\/06\/IMG20220617103901-1920x1440.jpg 1920w, https:\/\/www.lab.eus\/wp-content\/uploads\/2022\/06\/IMG20220617103901-560x420.jpg 560w, https:\/\/www.lab.eus\/wp-content\/uploads\/2022\/06\/IMG20220617103901-80x60.jpg 80w, https:\/\/www.lab.eus\/wp-content\/uploads\/2022\/06\/IMG20220617103901-265x198.jpg 265w\" sizes=\"auto, (max-width: 1024px) 100vw, 1024px\" \/><\/figure><\/li><li class=\"blocks-gallery-item\"><figure><img loading=\"lazy\" decoding=\"async\" width=\"1024\" height=\"768\" src=\"https:\/\/www.lab.eus\/wp-content\/uploads\/2022\/06\/IMG20220617104155-1024x768.jpg\" alt=\"\" data-id=\"49028\" data-full-url=\"https:\/\/www.lab.eus\/wp-content\/uploads\/2022\/06\/IMG20220617104155-scaled.jpg\" data-link=\"https:\/\/www.lab.eus\/es\/hemos-reivindicado-el-nuevo-sindicalismo-vasco-en-baiona-miarritze\/img20220617104155-2\/\" class=\"wp-image-49028\" srcset=\"https:\/\/www.lab.eus\/wp-content\/uploads\/2022\/06\/IMG20220617104155-1024x768.jpg 1024w, https:\/\/www.lab.eus\/wp-content\/uploads\/2022\/06\/IMG20220617104155-300x225.jpg 300w, https:\/\/www.lab.eus\/wp-content\/uploads\/2022\/06\/IMG20220617104155-768x576.jpg 768w, https:\/\/www.lab.eus\/wp-content\/uploads\/2022\/06\/IMG20220617104155-1536x1152.jpg 1536w, https:\/\/www.lab.eus\/wp-content\/uploads\/2022\/06\/IMG20220617104155-2048x1536.jpg 2048w, https:\/\/www.lab.eus\/wp-content\/uploads\/2022\/06\/IMG20220617104155-150x113.jpg 150w, https:\/\/www.lab.eus\/wp-content\/uploads\/2022\/06\/IMG20220617104155-696x522.jpg 696w, https:\/\/www.lab.eus\/wp-content\/uploads\/2022\/06\/IMG20220617104155-1068x801.jpg 1068w, https:\/\/www.lab.eus\/wp-content\/uploads\/2022\/06\/IMG20220617104155-1920x1440.jpg 1920w, https:\/\/www.lab.eus\/wp-content\/uploads\/2022\/06\/IMG20220617104155-560x420.jpg 560w, https:\/\/www.lab.eus\/wp-content\/uploads\/2022\/06\/IMG20220617104155-80x60.jpg 80w, https:\/\/www.lab.eus\/wp-content\/uploads\/2022\/06\/IMG20220617104155-265x198.jpg 265w\" sizes=\"auto, (max-width: 1024px) 100vw, 1024px\" \/><\/figure><\/li><li class=\"blocks-gallery-item\"><figure><img loading=\"lazy\" decoding=\"async\" width=\"1024\" height=\"768\" src=\"https:\/\/www.lab.eus\/wp-content\/uploads\/2022\/06\/IMG20220617105710-1024x768.jpg\" alt=\"\" data-id=\"49026\" data-full-url=\"https:\/\/www.lab.eus\/wp-content\/uploads\/2022\/06\/IMG20220617105710-scaled.jpg\" data-link=\"https:\/\/www.lab.eus\/es\/hemos-reivindicado-el-nuevo-sindicalismo-vasco-en-baiona-miarritze\/img20220617105710-2\/\" class=\"wp-image-49026\" srcset=\"https:\/\/www.lab.eus\/wp-content\/uploads\/2022\/06\/IMG20220617105710-1024x768.jpg 1024w, https:\/\/www.lab.eus\/wp-content\/uploads\/2022\/06\/IMG20220617105710-300x225.jpg 300w, https:\/\/www.lab.eus\/wp-content\/uploads\/2022\/06\/IMG20220617105710-768x576.jpg 768w, https:\/\/www.lab.eus\/wp-content\/uploads\/2022\/06\/IMG20220617105710-1536x1152.jpg 1536w, https:\/\/www.lab.eus\/wp-content\/uploads\/2022\/06\/IMG20220617105710-2048x1536.jpg 2048w, https:\/\/www.lab.eus\/wp-content\/uploads\/2022\/06\/IMG20220617105710-150x113.jpg 150w, https:\/\/www.lab.eus\/wp-content\/uploads\/2022\/06\/IMG20220617105710-696x522.jpg 696w, https:\/\/www.lab.eus\/wp-content\/uploads\/2022\/06\/IMG20220617105710-1068x801.jpg 1068w, https:\/\/www.lab.eus\/wp-content\/uploads\/2022\/06\/IMG20220617105710-1920x1440.jpg 1920w, https:\/\/www.lab.eus\/wp-content\/uploads\/2022\/06\/IMG20220617105710-560x420.jpg 560w, https:\/\/www.lab.eus\/wp-content\/uploads\/2022\/06\/IMG20220617105710-80x60.jpg 80w, https:\/\/www.lab.eus\/wp-content\/uploads\/2022\/06\/IMG20220617105710-265x198.jpg 265w\" sizes=\"auto, (max-width: 1024px) 100vw, 1024px\" \/><\/figure><\/li><li class=\"blocks-gallery-item\"><figure><img loading=\"lazy\" decoding=\"async\" width=\"1024\" height=\"768\" src=\"https:\/\/www.lab.eus\/wp-content\/uploads\/2022\/06\/IMG20220617110131-1024x768.jpg\" alt=\"\" data-id=\"49024\" data-full-url=\"https:\/\/www.lab.eus\/wp-content\/uploads\/2022\/06\/IMG20220617110131-scaled.jpg\" data-link=\"https:\/\/www.lab.eus\/es\/hemos-reivindicado-el-nuevo-sindicalismo-vasco-en-baiona-miarritze\/img20220617110131-2\/\" class=\"wp-image-49024\" srcset=\"https:\/\/www.lab.eus\/wp-content\/uploads\/2022\/06\/IMG20220617110131-1024x768.jpg 1024w, https:\/\/www.lab.eus\/wp-content\/uploads\/2022\/06\/IMG20220617110131-300x225.jpg 300w, https:\/\/www.lab.eus\/wp-content\/uploads\/2022\/06\/IMG20220617110131-768x576.jpg 768w, https:\/\/www.lab.eus\/wp-content\/uploads\/2022\/06\/IMG20220617110131-1536x1152.jpg 1536w, https:\/\/www.lab.eus\/wp-content\/uploads\/2022\/06\/IMG20220617110131-2048x1536.jpg 2048w, https:\/\/www.lab.eus\/wp-content\/uploads\/2022\/06\/IMG20220617110131-150x113.jpg 150w, https:\/\/www.lab.eus\/wp-content\/uploads\/2022\/06\/IMG20220617110131-696x522.jpg 696w, https:\/\/www.lab.eus\/wp-content\/uploads\/2022\/06\/IMG20220617110131-1068x801.jpg 1068w, https:\/\/www.lab.eus\/wp-content\/uploads\/2022\/06\/IMG20220617110131-1920x1440.jpg 1920w, https:\/\/www.lab.eus\/wp-content\/uploads\/2022\/06\/IMG20220617110131-560x420.jpg 560w, https:\/\/www.lab.eus\/wp-content\/uploads\/2022\/06\/IMG20220617110131-80x60.jpg 80w, https:\/\/www.lab.eus\/wp-content\/uploads\/2022\/06\/IMG20220617110131-265x198.jpg 265w\" sizes=\"auto, (max-width: 1024px) 100vw, 1024px\" \/><\/figure><\/li><li class=\"blocks-gallery-item\"><figure><img loading=\"lazy\" decoding=\"async\" width=\"1024\" height=\"768\" src=\"https:\/\/www.lab.eus\/wp-content\/uploads\/2022\/06\/IMG20220617110806-1024x768.jpg\" alt=\"\" data-id=\"49022\" data-full-url=\"https:\/\/www.lab.eus\/wp-content\/uploads\/2022\/06\/IMG20220617110806-scaled.jpg\" data-link=\"https:\/\/www.lab.eus\/es\/hemos-reivindicado-el-nuevo-sindicalismo-vasco-en-baiona-miarritze\/img20220617110806-2\/\" class=\"wp-image-49022\" srcset=\"https:\/\/www.lab.eus\/wp-content\/uploads\/2022\/06\/IMG20220617110806-1024x768.jpg 1024w, https:\/\/www.lab.eus\/wp-content\/uploads\/2022\/06\/IMG20220617110806-300x225.jpg 300w, https:\/\/www.lab.eus\/wp-content\/uploads\/2022\/06\/IMG20220617110806-768x576.jpg 768w, https:\/\/www.lab.eus\/wp-content\/uploads\/2022\/06\/IMG20220617110806-1536x1152.jpg 1536w, https:\/\/www.lab.eus\/wp-content\/uploads\/2022\/06\/IMG20220617110806-2048x1536.jpg 2048w, https:\/\/www.lab.eus\/wp-content\/uploads\/2022\/06\/IMG20220617110806-150x113.jpg 150w, https:\/\/www.lab.eus\/wp-content\/uploads\/2022\/06\/IMG20220617110806-696x522.jpg 696w, https:\/\/www.lab.eus\/wp-content\/uploads\/2022\/06\/IMG20220617110806-1068x801.jpg 1068w, https:\/\/www.lab.eus\/wp-content\/uploads\/2022\/06\/IMG20220617110806-1920x1440.jpg 1920w, https:\/\/www.lab.eus\/wp-content\/uploads\/2022\/06\/IMG20220617110806-560x420.jpg 560w, https:\/\/www.lab.eus\/wp-content\/uploads\/2022\/06\/IMG20220617110806-80x60.jpg 80w, https:\/\/www.lab.eus\/wp-content\/uploads\/2022\/06\/IMG20220617110806-265x198.jpg 265w\" sizes=\"auto, (max-width: 1024px) 100vw, 1024px\" \/><\/figure><\/li><li class=\"blocks-gallery-item\"><figure><img loading=\"lazy\" decoding=\"async\" width=\"1024\" height=\"768\" src=\"https:\/\/www.lab.eus\/wp-content\/uploads\/2022\/06\/IMG20220617112112-1024x768.jpg\" alt=\"\" data-id=\"49020\" data-full-url=\"https:\/\/www.lab.eus\/wp-content\/uploads\/2022\/06\/IMG20220617112112-scaled.jpg\" data-link=\"https:\/\/www.lab.eus\/es\/hemos-reivindicado-el-nuevo-sindicalismo-vasco-en-baiona-miarritze\/img20220617112112-2\/\" class=\"wp-image-49020\" srcset=\"https:\/\/www.lab.eus\/wp-content\/uploads\/2022\/06\/IMG20220617112112-1024x768.jpg 1024w, https:\/\/www.lab.eus\/wp-content\/uploads\/2022\/06\/IMG20220617112112-300x225.jpg 300w, https:\/\/www.lab.eus\/wp-content\/uploads\/2022\/06\/IMG20220617112112-768x576.jpg 768w, https:\/\/www.lab.eus\/wp-content\/uploads\/2022\/06\/IMG20220617112112-1536x1152.jpg 1536w, https:\/\/www.lab.eus\/wp-content\/uploads\/2022\/06\/IMG20220617112112-2048x1536.jpg 2048w, https:\/\/www.lab.eus\/wp-content\/uploads\/2022\/06\/IMG20220617112112-150x113.jpg 150w, https:\/\/www.lab.eus\/wp-content\/uploads\/2022\/06\/IMG20220617112112-696x522.jpg 696w, https:\/\/www.lab.eus\/wp-content\/uploads\/2022\/06\/IMG20220617112112-1068x801.jpg 1068w, https:\/\/www.lab.eus\/wp-content\/uploads\/2022\/06\/IMG20220617112112-1920x1440.jpg 1920w, https:\/\/www.lab.eus\/wp-content\/uploads\/2022\/06\/IMG20220617112112-560x420.jpg 560w, https:\/\/www.lab.eus\/wp-content\/uploads\/2022\/06\/IMG20220617112112-80x60.jpg 80w, https:\/\/www.lab.eus\/wp-content\/uploads\/2022\/06\/IMG20220617112112-265x198.jpg 265w\" sizes=\"auto, (max-width: 1024px) 100vw, 1024px\" \/><\/figure><\/li><\/ul><\/figure>\n","protected":false},"excerpt":{"rendered":"<p>Hemos dado por concluido el X Congreso Nacional en Baiona-Miarritze tras elegir al nuevo Comit\u00e9 Nacional, con un amplio apoyo del 94%. En esta segunda jornada, hemos dirigido la mirada al camino que se abre hacia un sindicalismo transformador. LAB es aire fresco, personifica el nuevo sindicalismo vasco. Hemos demostrado una nueva forma de hacer las cosas en el congreso y tambi\u00e9n lo haremos a partir de ahora, con una doble coordinaci\u00f3n general.<\/p>\n","protected":false},"author":1189,"featured_media":49068,"comment_status":"closed","ping_status":"closed","sticky":false,"template":"","format":"video","meta":{"_monsterinsights_skip_tracking":false,"_monsterinsights_sitenote_active":false,"_monsterinsights_sitenote_note":"","_monsterinsights_sitenote_category":0,"footnotes":"","_links_to":"","_links_to_target":""},"categories":[3402,18,11],"tags":[3033,3182,3180,3260,3531],"class_list":{"0":"post-48826","1":"post","2":"type-post","3":"status-publish","4":"format-video","5":"has-post-thumbnail","7":"category-accion-politica","8":"category-es-accion-sindical","9":"category-es-sindicato-lab","10":"tag-accion-sindical-es","11":"tag-accion-social-es","12":"tag-destacado-3","13":"tag-sindicato-lab-es","14":"tag-x-biltzarnagusia-es","15":"post_format-post-format-video"},"_links":{"self":[{"href":"https:\/\/www.lab.eus\/es\/wp-json\/wp\/v2\/posts\/48826","targetHints":{"allow":["GET"]}}],"collection":[{"href":"https:\/\/www.lab.eus\/es\/wp-json\/wp\/v2\/posts"}],"about":[{"href":"https:\/\/www.lab.eus\/es\/wp-json\/wp\/v2\/types\/post"}],"author":[{"embeddable":true,"href":"https:\/\/www.lab.eus\/es\/wp-json\/wp\/v2\/users\/1189"}],"replies":[{"embeddable":true,"href":"https:\/\/www.lab.eus\/es\/wp-json\/wp\/v2\/comments?post=48826"}],"version-history":[{"count":0,"href":"https:\/\/www.lab.eus\/es\/wp-json\/wp\/v2\/posts\/48826\/revisions"}],"wp:featuredmedia":[{"embeddable":true,"href":"https:\/\/www.lab.eus\/es\/wp-json\/wp\/v2\/media\/49068"}],"wp:attachment":[{"href":"https:\/\/www.lab.eus\/es\/wp-json\/wp\/v2\/media?parent=48826"}],"wp:term":[{"taxonomy":"category","embeddable":true,"href":"https:\/\/www.lab.eus\/es\/wp-json\/wp\/v2\/categories?post=48826"},{"taxonomy":"post_tag","embeddable":true,"href":"https:\/\/www.lab.eus\/es\/wp-json\/wp\/v2\/tags?post=48826"}],"curies":[{"name":"wp","href":"https:\/\/api.w.org\/{rel}","templated":true}]}}