{"id":48812,"date":"2022-06-14T13:44:10","date_gmt":"2022-06-14T13:44:10","guid":{"rendered":"https:\/\/www.lab.eus\/?p=48812"},"modified":"2022-06-14T13:44:12","modified_gmt":"2022-06-14T13:44:12","slug":"exigimos-contenidos-relevantes-y-de-calado-en-el-metal-de-araba","status":"publish","type":"post","link":"https:\/\/www.lab.eus\/es\/exigimos-contenidos-relevantes-y-de-calado-en-el-metal-de-araba\/","title":{"rendered":"Exigimos contenidos relevantes y de calado en el metal de Araba"},"content":{"rendered":"\n<p>Se ha reunido la mesa negociadora del metal de Araba. En ella, SEA ha hecho muy peque\u00f1os movimientos, seguramente debido a la presi\u00f3n de las huelgas y las movilizaciones. Frente a estos t\u00edmidos movimientos, LAB exige contenidos de calado para acordar un convenio digno. Por lo tanto, analizaremos conjuntamente con los otros sindicatos los siguientes pasos, teniendo claro que sin contenidos importantes, habr\u00e1 nuevas movilizaciones.<\/p>\n\n\n\n<p>En la jornada de hoy la patronal SEA ha hecho muy peque\u00f1os movimientos, la mayor\u00eda de los cuales han consistido en pasar a escrito lo expresado ya anteriormente de forma oral. Probablemente, estos peque\u00f1os movimientos se deben a la presi\u00f3n de las huelgas y las movilizaciones realizadas. De hecho, a pesar de que en su momento la patronal quiso minimizar las huelgas, es consciente de la enorme respuesta que dio el sector.<\/p>\n\n\n\n<p>En cualquier caso, LAB considera que se trata de t\u00edmidos movimientos que cambian poco la propuesta de SEA. Frente a ellos, LAB exige contenidos de calado para acordar un convenio digno en el metal de Araba. En ese sentido, para este sindicato, es fundamental que se recojan, entre otros, los siguientes contenidos:<\/p>\n\n\n\n<ul class=\"wp-block-list\"><li>&#8211; &nbsp;Actualizaci\u00f3n salarial y subidas salariales unidas al IPC.<\/li><li>&#8211; &nbsp;Incrementos en salarios reales.<\/li><li>&#8211; &nbsp;Rebaja importante de la jornada laboral.<\/li><li>&#8211; &nbsp;Mejora de los complementos de bajas.<\/li><li>&#8211; &nbsp;Ampliaci\u00f3n de la subrogaci\u00f3n.<\/li><li>&#8211; &nbsp;Otras medidas para poner a las personas en el centro.<\/li><\/ul>\n\n\n\n<p>Por todo ello, LAB analizar\u00e1 junto con el resto de sindicatos los siguientes pasos, puesto que damos mucha importancia a la unidad sindical alcanzada. Sea como fuere, lo tenemos claro: sin contenidos satisfactorios seguiremos con las movilizaciones, buscando siempre las iniciativas m\u00e1s efectivas para conseguir unas condiciones de trabajo dignas en el metal de Araba.<\/p>\n","protected":false},"excerpt":{"rendered":"<p>Se ha reunido la mesa negociadora del metal de Araba. En ella, SEA ha hecho muy peque\u00f1os movimientos, seguramente debido a la presi\u00f3n de las huelgas y las movilizaciones. <\/p>\n","protected":false},"author":1189,"featured_media":48814,"comment_status":"closed","ping_status":"closed","sticky":false,"template":"","format":"standard","meta":{"_monsterinsights_skip_tracking":false,"_monsterinsights_sitenote_active":false,"_monsterinsights_sitenote_note":"","_monsterinsights_sitenote_category":0,"footnotes":"","_links_to":"","_links_to_target":""},"categories":[18,2868,108],"tags":[3033,3178,2996,3064],"class_list":{"0":"post-48812","1":"post","2":"type-post","3":"status-publish","4":"format-standard","5":"has-post-thumbnail","7":"category-es-accion-sindical","8":"category-industria-es","9":"category-es-metal","10":"tag-accion-sindical-es","11":"tag-destacado-1","12":"tag-industria-es","13":"tag-metal-es"},"_links":{"self":[{"href":"https:\/\/www.lab.eus\/es\/wp-json\/wp\/v2\/posts\/48812","targetHints":{"allow":["GET"]}}],"collection":[{"href":"https:\/\/www.lab.eus\/es\/wp-json\/wp\/v2\/posts"}],"about":[{"href":"https:\/\/www.lab.eus\/es\/wp-json\/wp\/v2\/types\/post"}],"author":[{"embeddable":true,"href":"https:\/\/www.lab.eus\/es\/wp-json\/wp\/v2\/users\/1189"}],"replies":[{"embeddable":true,"href":"https:\/\/www.lab.eus\/es\/wp-json\/wp\/v2\/comments?post=48812"}],"version-history":[{"count":0,"href":"https:\/\/www.lab.eus\/es\/wp-json\/wp\/v2\/posts\/48812\/revisions"}],"wp:featuredmedia":[{"embeddable":true,"href":"https:\/\/www.lab.eus\/es\/wp-json\/wp\/v2\/media\/48814"}],"wp:attachment":[{"href":"https:\/\/www.lab.eus\/es\/wp-json\/wp\/v2\/media?parent=48812"}],"wp:term":[{"taxonomy":"category","embeddable":true,"href":"https:\/\/www.lab.eus\/es\/wp-json\/wp\/v2\/categories?post=48812"},{"taxonomy":"post_tag","embeddable":true,"href":"https:\/\/www.lab.eus\/es\/wp-json\/wp\/v2\/tags?post=48812"}],"curies":[{"name":"wp","href":"https:\/\/api.w.org\/{rel}","templated":true}]}}