{"id":48788,"date":"2022-06-15T09:12:35","date_gmt":"2022-06-15T09:12:35","guid":{"rendered":"https:\/\/www.lab.eus\/?p=48788"},"modified":"2022-06-16T08:35:08","modified_gmt":"2022-06-16T08:35:08","slug":"el-capitalismo-ha-fracasado","status":"publish","type":"post","link":"https:\/\/www.lab.eus\/es\/el-capitalismo-ha-fracasado\/","title":{"rendered":"\u00abEl capitalismo ha fracasado\u00bb"},"content":{"rendered":"\n<p>En v\u00edsperas del <a href=\"https:\/\/www.lab.eus\/es\/x-biltzar-nagusia\/\">X Congreso Nacional de Baiona-Miarritze<\/a>, hemos organizado en Hendaia una Conferencia Internacional con representantes sindicales llegados de diferentes territorios de todo el mundo bajo el t\u00edtulo \u00abLos retos del sindicalismo de clase en la actual fase capitalista\u00bb. Hemos acordado diferentes resoluciones, entre ellas, una declaraci\u00f3n general sobre la actual coyuntura.<\/p>\n\n\n\n<div class=\"wp-block-file\"><a href=\"https:\/\/www.lab.eus\/wp-content\/uploads\/2022\/06\/Hendaia.pdf\">Resoluci\u00f3n general de la Conferencia Internacional<\/a><a href=\"https:\/\/www.lab.eus\/wp-content\/uploads\/2022\/06\/Hendaia.pdf\" class=\"wp-block-file__button\" download>Deskargatu<\/a><\/div>\n\n\n\n<div class=\"wp-block-file\"><a href=\"https:\/\/www.lab.eus\/wp-content\/uploads\/2022\/06\/IMG_20220615_202021.jpg\">Resoluci\u00f3n sobre Cuba<\/a><a href=\"https:\/\/www.lab.eus\/wp-content\/uploads\/2022\/06\/IMG_20220615_202021.jpg\" class=\"wp-block-file__button\" download>Deskargatu<\/a><\/div>\n\n\n\n<div class=\"wp-block-file\"><a href=\"https:\/\/www.lab.eus\/wp-content\/uploads\/2022\/06\/IMG_20220615_202003.jpg\">Resoluci\u00f3n sobre Kurdist\u00e1n<\/a><a href=\"https:\/\/www.lab.eus\/wp-content\/uploads\/2022\/06\/IMG_20220615_202003.jpg\" class=\"wp-block-file__button\" download>Deskargatu<\/a><\/div>\n\n\n\n<div class=\"wp-block-file\"><a href=\"https:\/\/www.lab.eus\/wp-content\/uploads\/2022\/06\/IMG_20220615_201918.jpg\">Resoluci\u00f3n sobre Palestina<\/a><a href=\"https:\/\/www.lab.eus\/wp-content\/uploads\/2022\/06\/IMG_20220615_201918.jpg\" class=\"wp-block-file__button\" download>Deskargatu<\/a><\/div>\n\n\n\n<div class=\"wp-block-file\"><a href=\"https:\/\/www.lab.eus\/wp-content\/uploads\/2022\/06\/IMG_20220615_201812.jpg\">Resoluci\u00f3n de mujeres sindicalistas<\/a><a href=\"https:\/\/www.lab.eus\/wp-content\/uploads\/2022\/06\/IMG_20220615_201812.jpg\" class=\"wp-block-file__button\" download>Deskargatu<\/a><\/div>\n\n\n\n<div class=\"wp-block-file\"><a href=\"https:\/\/www.lab.eus\/wp-content\/uploads\/2022\/06\/IMG_20220615_201730.jpg\">Resoluci\u00f3n sobre la extrema derecha<\/a><a href=\"https:\/\/www.lab.eus\/wp-content\/uploads\/2022\/06\/IMG_20220615_201730.jpg\" class=\"wp-block-file__button\" download>Deskargatu<\/a><\/div>\n\n\n\n<div class=\"wp-block-file\"><a href=\"https:\/\/www.lab.eus\/wp-content\/uploads\/2022\/06\/IMG_20220615_201647.jpg\">Resoluci\u00f3n sobre el Sahara<\/a><a href=\"https:\/\/www.lab.eus\/wp-content\/uploads\/2022\/06\/IMG_20220615_201647.jpg\" class=\"wp-block-file__button\" download>Deskargatu<\/a><\/div>\n\n\n\n<div class=\"wp-block-file\"><a href=\"https:\/\/www.lab.eus\/wp-content\/uploads\/2022\/06\/IMG_20220615_201542.jpg\">Resoluci\u00f3n sobre la autodeterminaci\u00f3n de los pueblos<\/a><a href=\"https:\/\/www.lab.eus\/wp-content\/uploads\/2022\/06\/IMG_20220615_201542.jpg\" class=\"wp-block-file__button\" download>Deskargatu<\/a><\/div>\n\n\n\n<div class=\"wp-block-file\"><a href=\"https:\/\/www.lab.eus\/wp-content\/uploads\/2022\/06\/Kolonbia.pdf\">Resoluci\u00f3n sobre Colombia<\/a><a href=\"https:\/\/www.lab.eus\/wp-content\/uploads\/2022\/06\/Kolonbia.pdf\" class=\"wp-block-file__button\" download>Deskargatu<\/a><\/div>\n\n\n\n<p>Pa\u00eds Valenci\u00e0, Palestina, Galiza, Chipre, Portugal, Asturies, Cuba, Sahara, Austria, Canarias, Panam\u00e1, Argentina, Catalunya, Suiza, Brasil, Corsica, Martinica, Kanakia, Andaluc\u00eda, Arag\u00f3n, Francia, Nicaragua, Italia, Groenlandia, Irlanda, Guadalupe, Sardinia, Aosta Gaza-Palestina\u2026 Se han acercado de numerosos territorios en representaci\u00f3n de diversos sindicatos.<\/p>\n\n\n\n<figure class=\"wp-block-image size-large\"><img loading=\"lazy\" decoding=\"async\" width=\"1024\" height=\"768\" src=\"https:\/\/www.lab.eus\/wp-content\/uploads\/2022\/06\/IMG20220615103125-1024x768.jpg\" alt=\"\" class=\"wp-image-48853\" srcset=\"https:\/\/www.lab.eus\/wp-content\/uploads\/2022\/06\/IMG20220615103125-1024x768.jpg 1024w, https:\/\/www.lab.eus\/wp-content\/uploads\/2022\/06\/IMG20220615103125-300x225.jpg 300w, https:\/\/www.lab.eus\/wp-content\/uploads\/2022\/06\/IMG20220615103125-768x576.jpg 768w, https:\/\/www.lab.eus\/wp-content\/uploads\/2022\/06\/IMG20220615103125-1536x1152.jpg 1536w, https:\/\/www.lab.eus\/wp-content\/uploads\/2022\/06\/IMG20220615103125-2048x1536.jpg 2048w, https:\/\/www.lab.eus\/wp-content\/uploads\/2022\/06\/IMG20220615103125-150x113.jpg 150w, https:\/\/www.lab.eus\/wp-content\/uploads\/2022\/06\/IMG20220615103125-696x522.jpg 696w, https:\/\/www.lab.eus\/wp-content\/uploads\/2022\/06\/IMG20220615103125-1068x801.jpg 1068w, https:\/\/www.lab.eus\/wp-content\/uploads\/2022\/06\/IMG20220615103125-1920x1440.jpg 1920w, https:\/\/www.lab.eus\/wp-content\/uploads\/2022\/06\/IMG20220615103125-560x420.jpg 560w, https:\/\/www.lab.eus\/wp-content\/uploads\/2022\/06\/IMG20220615103125-80x60.jpg 80w, https:\/\/www.lab.eus\/wp-content\/uploads\/2022\/06\/IMG20220615103125-265x198.jpg 265w\" sizes=\"auto, (max-width: 1024px) 100vw, 1024px\" \/><\/figure>\n\n\n\n<p>La lista es extensa: Intersindical Valenciana, National Union of Palestinian Workers, New Unions, Condeferacion Intersindical Galega, PEO, CGTP IN, Corriente Sindical de Izquierda, Central de Trabajadores de Cuba, UGT Sario, Left Block Austrian Trade Union, Federation Intersindical Canaria, Federaci\u00f3n Aut\u00e9ntica de Trabajadores, CTA-Autonoma, Intersindical Catalana, UNIA Ginebra, Central dos Trabalhadores e Trabalhadoras do Brasil, STC, UGTM, USTKE, Intersindical Alternativa de Catalunya, Central Unitaria de Traballadoras, Sindicato Andaluz de Trabajadores, Colectivo Unitario de Trabajadores, Solidaires, Central Sandinistas de Trabajadores, Unione Sindicale di Base, SIK, Trade Unionists for a New and United, Ireland, UGTG, CSS, SAVT, ILCU\u2026<\/p>\n\n\n\n<figure class=\"wp-block-image size-large\"><img loading=\"lazy\" decoding=\"async\" width=\"1024\" height=\"768\" src=\"https:\/\/www.lab.eus\/wp-content\/uploads\/2022\/06\/IMG20220615110542-1024x768.jpg\" alt=\"\" class=\"wp-image-48855\" srcset=\"https:\/\/www.lab.eus\/wp-content\/uploads\/2022\/06\/IMG20220615110542-1024x768.jpg 1024w, https:\/\/www.lab.eus\/wp-content\/uploads\/2022\/06\/IMG20220615110542-300x225.jpg 300w, https:\/\/www.lab.eus\/wp-content\/uploads\/2022\/06\/IMG20220615110542-768x576.jpg 768w, https:\/\/www.lab.eus\/wp-content\/uploads\/2022\/06\/IMG20220615110542-1536x1152.jpg 1536w, https:\/\/www.lab.eus\/wp-content\/uploads\/2022\/06\/IMG20220615110542-2048x1536.jpg 2048w, https:\/\/www.lab.eus\/wp-content\/uploads\/2022\/06\/IMG20220615110542-150x113.jpg 150w, https:\/\/www.lab.eus\/wp-content\/uploads\/2022\/06\/IMG20220615110542-696x522.jpg 696w, https:\/\/www.lab.eus\/wp-content\/uploads\/2022\/06\/IMG20220615110542-1068x801.jpg 1068w, https:\/\/www.lab.eus\/wp-content\/uploads\/2022\/06\/IMG20220615110542-1920x1440.jpg 1920w, https:\/\/www.lab.eus\/wp-content\/uploads\/2022\/06\/IMG20220615110542-560x420.jpg 560w, https:\/\/www.lab.eus\/wp-content\/uploads\/2022\/06\/IMG20220615110542-80x60.jpg 80w, https:\/\/www.lab.eus\/wp-content\/uploads\/2022\/06\/IMG20220615110542-265x198.jpg 265w\" sizes=\"auto, (max-width: 1024px) 100vw, 1024px\" \/><figcaption>La solidaridad ha estado muy presente en la conferencia. En la imagen, en el centro, una de las representantes de Palestina.<\/figcaption><\/figure>\n\n\n\n<p>En total, 48 representantes de 31 sindicatos provenientes de 28 territorios de 4 continentes.<\/p>\n\n\n\n<p><strong>Tiempo para la reflexi\u00f3n<\/strong> <strong>y el debate<\/strong><\/p>\n\n\n\n<p>Igor Arroyo, secretario general adjunto del sindicato LAB, ha dado la bienvenida a las personas asistentes: \u00ab\u00a1Qu\u00e9 mande el pueblo y qu\u00e9 no mande el capital!\u00bb. Ha denunciado que \u00abel capitalismo es injusto porque se basa en la explotaci\u00f3n, juzga pueblos, destruye culturas y ecosistemas y oprime a la mujer, pero no solo es injusto, tambi\u00e9n es inviable\u00bb.<\/p>\n\n\n\n<p>A continuaci\u00f3n, ha tomado la palabra Koldo S\u00e1enz, responsable de Relaciones Internacionales de LAB: \u00abEl capitalismo ha fracasado\u00bb.<\/p>\n\n\n\n<p>La jornada ha avanzado con intervenciones y reflexiones de las y los representantes reunidos en la conferencia, que han abordado los retos a los que se enfrenta el sindicalismo combativo, desde la solidaridad de clase y el trabajo en com\u00fan. Y es que la crisis econ\u00f3mica, o la sucesi\u00f3n de crisis en los \u00faltimos a\u00f1os, es un elemento permanente del mundo capitalista actual y la necesidad de unirse y caminar acompa\u00f1adas y acompa\u00f1ados es un imperativo para que el conjunto de la clase trabajadora mundial pueda hacer frente a los retos y ataques que soporta desde hace a\u00f1os.<\/p>\n","protected":false},"excerpt":{"rendered":"<p>En v\u00edsperas del X Congreso Nacional de Baiona-Miarritze, hemos organizado en Hendaia una Conferencia Internacional con representantes sindicales llegados de diferentes territorios de todo el mundo bajo el t\u00edtulo \u00abLos retos del sindicalismo de clase en la actual fase capitalista\u00bb. Hemos destacado la necesidad de trabajar juntas y juntos para hacer frente a los desaf\u00edos y ataques que sufre toda la clase trabajadora desde hace a\u00f1os.<\/p>\n","protected":false},"author":1189,"featured_media":48851,"comment_status":"closed","ping_status":"closed","sticky":false,"template":"","format":"standard","meta":{"_monsterinsights_skip_tracking":false,"_monsterinsights_sitenote_active":false,"_monsterinsights_sitenote_note":"","_monsterinsights_sitenote_category":0,"footnotes":"","_links_to":"","_links_to_target":""},"categories":[3402,3280,4,3283],"tags":[3180,3173,3430,3531],"class_list":{"0":"post-48788","1":"post","2":"type-post","3":"status-publish","4":"format-standard","5":"has-post-thumbnail","7":"category-accion-politica","8":"category-secretaria-de-euskara","9":"category-es-internacional","10":"category-sin-categorizar","11":"tag-destacado-3","12":"tag-internacional-es","13":"tag-nabarmendua-1-2","14":"tag-x-biltzarnagusia-es"},"_links":{"self":[{"href":"https:\/\/www.lab.eus\/es\/wp-json\/wp\/v2\/posts\/48788","targetHints":{"allow":["GET"]}}],"collection":[{"href":"https:\/\/www.lab.eus\/es\/wp-json\/wp\/v2\/posts"}],"about":[{"href":"https:\/\/www.lab.eus\/es\/wp-json\/wp\/v2\/types\/post"}],"author":[{"embeddable":true,"href":"https:\/\/www.lab.eus\/es\/wp-json\/wp\/v2\/users\/1189"}],"replies":[{"embeddable":true,"href":"https:\/\/www.lab.eus\/es\/wp-json\/wp\/v2\/comments?post=48788"}],"version-history":[{"count":0,"href":"https:\/\/www.lab.eus\/es\/wp-json\/wp\/v2\/posts\/48788\/revisions"}],"wp:featuredmedia":[{"embeddable":true,"href":"https:\/\/www.lab.eus\/es\/wp-json\/wp\/v2\/media\/48851"}],"wp:attachment":[{"href":"https:\/\/www.lab.eus\/es\/wp-json\/wp\/v2\/media?parent=48788"}],"wp:term":[{"taxonomy":"category","embeddable":true,"href":"https:\/\/www.lab.eus\/es\/wp-json\/wp\/v2\/categories?post=48788"},{"taxonomy":"post_tag","embeddable":true,"href":"https:\/\/www.lab.eus\/es\/wp-json\/wp\/v2\/tags?post=48788"}],"curies":[{"name":"wp","href":"https:\/\/api.w.org\/{rel}","templated":true}]}}