{"id":48710,"date":"2022-06-13T10:06:27","date_gmt":"2022-06-13T10:06:27","guid":{"rendered":"https:\/\/www.lab.eus\/?p=48710"},"modified":"2022-06-13T10:06:29","modified_gmt":"2022-06-13T10:06:29","slug":"hemos-puesto-en-marcha-la-red-de-cuidadoras-de-araba-para-tender-puentes-entre-trabajadoras-de-este-sector-e-impulsar-luchas-por-sus-condiciones-laborales","status":"publish","type":"post","link":"https:\/\/www.lab.eus\/es\/hemos-puesto-en-marcha-la-red-de-cuidadoras-de-araba-para-tender-puentes-entre-trabajadoras-de-este-sector-e-impulsar-luchas-por-sus-condiciones-laborales\/","title":{"rendered":"Hemos puesto en marcha la Red de Cuidadoras de Araba para tender puentes entre trabajadoras de este sector e impulsar luchas por sus condiciones laborales"},"content":{"rendered":"\n<p>LAB ha celebrado hoy los Encuentros de Cuidadorxs de Araba en la plaza Santa B\u00e1rbara de Gasteiz. En los mismos, se han reunido trabajadoras de diferentes sectores relacionados con los cuidados, de residencias de mayores, de intervenci\u00f3n social, trabajadoras del hogar, de ayuda a domicilio, de centros especiales de empleo, de atenci\u00f3n a personas con diversidad funcional o de ocio. Las y los trabajadores han un intercambio de experiencias y han puesto en marcha la Red de Cuidadorxs de Araba, para tender puentes entre trabajadoras de este sector e impulsar luchas por sus condiciones laborales.<\/p>\n\n\n\n<p>Respecto a la precarizaci\u00f3n de las condiciones laborales de quienes se dedican a los servicios sociales o al cuidado, de una forma u otra, todos y todas somos personas usuarias de servicios de cuidados o de los servicios sociales. La estructuraci\u00f3n y la responsabilidad sobre los cuidados es de toda la sociedad.<\/p>\n\n\n\n<p>En LAB creamos la Red de Cuidadorxs, para denunciar la precarizaci\u00f3n de todos los sectores de servicios sociales y cuidados. Apesar de que la responsabilidad del actual sistema de servicios sociales es p\u00fablica, la mayor\u00eda de los servicios est\u00e1n privatizados o subcontratados. Son sectores absolutamente feminizados; servicio de ayuda a domicilio, intervenci\u00f3n social, trabajadoras de hogar, residencias de la tercera edad, centros especiales de empleo, ocio y del sector de diversidad funcional. La Red de Cuidadorxs es una din\u00e1mica que vamos a desarrollar en respuesta a la necesidad de estructurar y organizar las luchas de las trabajadoras de l estos sectores.<\/p>\n\n\n\n<p>Ponemos en marcha la Red de Cuidadorxs, para denunciar la precarizaci\u00f3n de las condiciones laborales de quienes desarrollan su labor en los servicios de cuidados privatizados, para denunciar el modelo de gesti\u00f3n de los servicios sociales del PNV y para denunciar que las distintas patronales siguen negando la mejora de las condiciones laborales de las trabajadoras de estos sectores.<\/p>\n\n\n\n<p>Con esta din\u00e1mica que iniciamos en LAB, interpelamos al resto de sindicatos de Hego Euskal Herria. Reestructurar el frente sindical amplio es imprescindible para forzar la toma de decisiones pol\u00edticas necesarias para lograr que el sistema capitalista y heteropatriarcal deje de sostenerse en el actual modelo de servicios sociales y cuidados, dignificando definitivamente las condiciones de trabajo de quienes realizan dichas tareas.<\/p>\n\n\n\n<p>Hoy, en la plaza Santa B\u00e1rbara de Gasteiz, se han reunidos trabajadoras que est\u00e1n organizadas en torno a LAB para conocer las vivencias y necesidades de las dem\u00e1s y, para anunciar que a lo largo del pr\u00f3ximo curso vamos a seguir adelante con este proceso.<\/p>\n\n\n\n<p>Pero por encima de todo esto, el objetivo prioritario de esta din\u00e1mica es encender fuegos en todos los centros de trabajo donde se lleven a cabo labores de cuidados, tender puentes entre las trabajadoras para vencer las precarias condiciones laborales de estos sectores y sobre todo, para reiterar que somos m\u00e1s fuertes cuando creemos que la lucha merece la pena.<\/p>\n","protected":false},"excerpt":{"rendered":"<p>En el encuentro llevado a cabo en Gasteiz, se han reunido trabajadoras de diferentes sectores relacionados con los cuidados, de residencias de mayores, de intervenci\u00f3n social, trabajadoras del hogar, de ayuda a domicilio, de centros especiales de empleo, de atenci\u00f3n a personas con diversidad funcional y de ocio, entre otros \u00e1mbitos.<\/p>\n","protected":false},"author":1189,"featured_media":48709,"comment_status":"closed","ping_status":"closed","sticky":false,"template":"","format":"standard","meta":{"_monsterinsights_skip_tracking":false,"_monsterinsights_sitenote_active":false,"_monsterinsights_sitenote_note":"","_monsterinsights_sitenote_category":0,"footnotes":"","_links_to":"","_links_to_target":""},"categories":[18,3000,6,3283],"tags":[3033,3178,3217,3171],"class_list":{"0":"post-48710","1":"post","2":"type-post","3":"status-publish","4":"format-standard","5":"has-post-thumbnail","7":"category-es-accion-sindical","8":"category-servicio-sociocomunitario","9":"category-es-servicios-publicos","10":"category-sin-categorizar","11":"tag-accion-sindical-es","12":"tag-destacado-1","13":"tag-servicios-sociocomunitarios","14":"tag-servicios-publicos-es"},"_links":{"self":[{"href":"https:\/\/www.lab.eus\/es\/wp-json\/wp\/v2\/posts\/48710","targetHints":{"allow":["GET"]}}],"collection":[{"href":"https:\/\/www.lab.eus\/es\/wp-json\/wp\/v2\/posts"}],"about":[{"href":"https:\/\/www.lab.eus\/es\/wp-json\/wp\/v2\/types\/post"}],"author":[{"embeddable":true,"href":"https:\/\/www.lab.eus\/es\/wp-json\/wp\/v2\/users\/1189"}],"replies":[{"embeddable":true,"href":"https:\/\/www.lab.eus\/es\/wp-json\/wp\/v2\/comments?post=48710"}],"version-history":[{"count":0,"href":"https:\/\/www.lab.eus\/es\/wp-json\/wp\/v2\/posts\/48710\/revisions"}],"wp:featuredmedia":[{"embeddable":true,"href":"https:\/\/www.lab.eus\/es\/wp-json\/wp\/v2\/media\/48709"}],"wp:attachment":[{"href":"https:\/\/www.lab.eus\/es\/wp-json\/wp\/v2\/media?parent=48710"}],"wp:term":[{"taxonomy":"category","embeddable":true,"href":"https:\/\/www.lab.eus\/es\/wp-json\/wp\/v2\/categories?post=48710"},{"taxonomy":"post_tag","embeddable":true,"href":"https:\/\/www.lab.eus\/es\/wp-json\/wp\/v2\/tags?post=48710"}],"curies":[{"name":"wp","href":"https:\/\/api.w.org\/{rel}","templated":true}]}}