{"id":48649,"date":"2022-06-13T07:39:39","date_gmt":"2022-06-13T07:39:39","guid":{"rendered":"https:\/\/www.lab.eus\/?p=48649"},"modified":"2022-06-13T07:39:41","modified_gmt":"2022-06-13T07:39:41","slug":"impulsaremos-la-accion-sindical-hasta-que-se-constituya-la-mesa-negociadora-de-las-trabajadoras-de-hogar-y-se-consiga-la-firma-del-convenio-por-encima-de-las-trabas-impuestas-por-la-patronal","status":"publish","type":"post","link":"https:\/\/www.lab.eus\/es\/impulsaremos-la-accion-sindical-hasta-que-se-constituya-la-mesa-negociadora-de-las-trabajadoras-de-hogar-y-se-consiga-la-firma-del-convenio-por-encima-de-las-trabas-impuestas-por-la-patronal\/","title":{"rendered":"Impulsaremos la acci\u00f3n sindical hasta que se constituya la mesa negociadora de las trabajadoras de hogar y se consiga la firma del convenio, por encima de las trabas impuestas por la patronal"},"content":{"rendered":"\n<p><a href=\"https:\/\/www.lab.eus\/es\/confesbak-discrimina-y-niega-a-las-trabajadoras-de-hogar-el-derecho-a-la-negociacion-colectiva\/\">Tras la negativa de Confebask a constituir la mesa de negociaci\u00f3n<\/a>, nuestra secci\u00f3n sindical del sector de trabajadoras de hogar ha analizado los pasos a dar para lograr un convenio colectivo en la CAV. La asamblea ha estado abierta a todas las trabajadoras de hogar en el marco de la din\u00e1mica de reuniones mensuales puesta en marcha en 2019.<\/p>\n\n\n\n<p>La negociaci\u00f3n colectiva es un derecho de las y los trabajadores y en la reuni\u00f3n hemos hecho saber que vamos a hacer frente a los l\u00edmites impuestos por la patronal. Somos conscientes de que las alianzas son imprescindibles en este camino y, por ello, hemos reiterado nuestro llamamiento a la unidad sindical y a la movilizaci\u00f3n social.<\/p>\n\n\n\n<figure class=\"wp-block-embed is-type-rich is-provider-twitter wp-block-embed-twitter\"><div class=\"wp-block-embed__wrapper\">\n<blockquote class=\"twitter-tweet\" data-width=\"550\" data-dnt=\"true\"><p lang=\"es\" dir=\"ltr\">[V\u00cdDEO]: Las trabajadoras de hogar y cuidados que est\u00e1n luchando por un convenio colectivo de la CAV lo tienen muy claro:<br><br>&quot;Seguiremos luchando hasta que <a href=\"https:\/\/twitter.com\/Confebask?ref_src=twsrc%5Etfw\">@Confebask<\/a>  se siente. Hacemos un llamamiento a la unidad sindical y al apoyo social\u201d <a href=\"https:\/\/t.co\/jTlgbS5dNW\">pic.twitter.com\/jTlgbS5dNW<\/a><\/p>&mdash; LAB SINDIKATUA (@LABsindikatua) <a href=\"https:\/\/twitter.com\/LABsindikatua\/status\/1535685170782691335?ref_src=twsrc%5Etfw\">June 11, 2022<\/a><\/blockquote><script async src=\"https:\/\/platform.twitter.com\/widgets.js\" charset=\"utf-8\"><\/script>\n<\/div><\/figure>\n\n\n\n<p>Por encima de las trabas impuestas por la patronal, LAB impulsar\u00e1 la acci\u00f3n sindical hasta que se constituya la mesa negociadora y se consiga la firma del convenio. En este sentido, denunciaremos jur\u00eddicamente a Confebask y le llevaremos a los tribunales, ya que, al no existir una determinada patronal en el sector, Confebask est\u00e1 legalmente obligada a asumir la responsabilidad.<\/p>\n\n\n\n<figure class=\"wp-block-image size-large\"><img loading=\"lazy\" decoding=\"async\" width=\"1024\" height=\"444\" src=\"https:\/\/www.lab.eus\/wp-content\/uploads\/2022\/06\/Etxeko-1024x444.jpeg\" alt=\"\" class=\"wp-image-48694\" srcset=\"https:\/\/www.lab.eus\/wp-content\/uploads\/2022\/06\/Etxeko-1024x444.jpeg 1024w, https:\/\/www.lab.eus\/wp-content\/uploads\/2022\/06\/Etxeko-300x130.jpeg 300w, https:\/\/www.lab.eus\/wp-content\/uploads\/2022\/06\/Etxeko-768x333.jpeg 768w, https:\/\/www.lab.eus\/wp-content\/uploads\/2022\/06\/Etxeko-150x65.jpeg 150w, https:\/\/www.lab.eus\/wp-content\/uploads\/2022\/06\/Etxeko-696x302.jpeg 696w, https:\/\/www.lab.eus\/wp-content\/uploads\/2022\/06\/Etxeko-1068x463.jpeg 1068w, https:\/\/www.lab.eus\/wp-content\/uploads\/2022\/06\/Etxeko-968x420.jpeg 968w, https:\/\/www.lab.eus\/wp-content\/uploads\/2022\/06\/Etxeko.jpeg 1332w\" sizes=\"auto, (max-width: 1024px) 100vw, 1024px\" \/><\/figure>\n","protected":false},"excerpt":{"rendered":"<p>Tras la negativa de Confebask a constituir la mesa de negociaci\u00f3n, nuestra secci\u00f3n sindical del sector de trabajadoras de hogar ha analizado los pasos a dar para lograr un convenio colectivo en la CAV. La asamblea ha estado abierta a todas las trabajadoras de hogar en el marco de la din\u00e1mica de reuniones mensuales puesta en marcha en 2019.<\/p>\n","protected":false},"author":1189,"featured_media":48698,"comment_status":"closed","ping_status":"closed","sticky":false,"template":"","format":"standard","meta":{"_monsterinsights_skip_tracking":false,"_monsterinsights_sitenote_active":false,"_monsterinsights_sitenote_note":"","_monsterinsights_sitenote_category":0,"footnotes":"","_links_to":"","_links_to_target":""},"categories":[18,3000],"tags":[3033,3178,3217],"class_list":{"0":"post-48649","1":"post","2":"type-post","3":"status-publish","4":"format-standard","5":"has-post-thumbnail","7":"category-es-accion-sindical","8":"category-servicio-sociocomunitario","9":"tag-accion-sindical-es","10":"tag-destacado-1","11":"tag-servicios-sociocomunitarios"},"_links":{"self":[{"href":"https:\/\/www.lab.eus\/es\/wp-json\/wp\/v2\/posts\/48649","targetHints":{"allow":["GET"]}}],"collection":[{"href":"https:\/\/www.lab.eus\/es\/wp-json\/wp\/v2\/posts"}],"about":[{"href":"https:\/\/www.lab.eus\/es\/wp-json\/wp\/v2\/types\/post"}],"author":[{"embeddable":true,"href":"https:\/\/www.lab.eus\/es\/wp-json\/wp\/v2\/users\/1189"}],"replies":[{"embeddable":true,"href":"https:\/\/www.lab.eus\/es\/wp-json\/wp\/v2\/comments?post=48649"}],"version-history":[{"count":0,"href":"https:\/\/www.lab.eus\/es\/wp-json\/wp\/v2\/posts\/48649\/revisions"}],"wp:featuredmedia":[{"embeddable":true,"href":"https:\/\/www.lab.eus\/es\/wp-json\/wp\/v2\/media\/48698"}],"wp:attachment":[{"href":"https:\/\/www.lab.eus\/es\/wp-json\/wp\/v2\/media?parent=48649"}],"wp:term":[{"taxonomy":"category","embeddable":true,"href":"https:\/\/www.lab.eus\/es\/wp-json\/wp\/v2\/categories?post=48649"},{"taxonomy":"post_tag","embeddable":true,"href":"https:\/\/www.lab.eus\/es\/wp-json\/wp\/v2\/tags?post=48649"}],"curies":[{"name":"wp","href":"https:\/\/api.w.org\/{rel}","templated":true}]}}