{"id":48422,"date":"2022-06-06T13:38:48","date_gmt":"2022-06-06T13:38:48","guid":{"rendered":"https:\/\/www.lab.eus\/?p=48422"},"modified":"2022-06-06T13:43:09","modified_gmt":"2022-06-06T13:43:09","slug":"hemos-denunciado-la-indefesion-de-las-y-los-trabajadores-de-glovo-en-nafarroa-araba-y-gipuzkoa","status":"publish","type":"post","link":"https:\/\/www.lab.eus\/es\/hemos-denunciado-la-indefesion-de-las-y-los-trabajadores-de-glovo-en-nafarroa-araba-y-gipuzkoa\/","title":{"rendered":"Hemos denunciado la indefensi\u00f3n de las y los trabajadores de Glovo en Nafarroa, Araba y Gipuzkoa"},"content":{"rendered":"\n<p>La temeridad de Glovo y la dejaci\u00f3n de funciones por parte de Inspecci\u00f3n de Trabajo est\u00e1n generando situaciones dram\u00e1ticas. Son decenas los juicios resueltos en el mismo sentido, por lo que podemos concluir que no existe duda en cuanto a la existencia de la relaci\u00f3n laboral de las y los riders y la empresa. Adem\u00e1s, el Tribunal Supremo ya se ha pronunciado en dos ocasiones estableciendo claramente la doctrina a seguir y, tal y como conocimos la semana pasada, Glovo ha optado por no recurrir la sentencia del TSJPV relativa a los casos de Bizkaia.<\/p>\n\n\n\n<p>Mientras, a cientos de trabajadores y trabajadoras de Glovo en Nafarroa, Araba y Gipuzkoa les siguen llevando al extremo y siguen sufriendo una situaci\u00f3n de absoluta indefensi\u00f3n. Siguen recibiendo facturas en vez de n\u00f3minas, esto es, siguen sin derecho a vacaciones, sin poder acceder a prestaciones como maternidad\/paternidad o Incapacidad Temporal, sin tener un salario cierto, un porcentaje de jornada&#8230; en definitiva, sin tener derechos laborales. Dicho en otras palabras, hay quien por tener un accidente o un hijo o hija pasa a una situaci\u00f3n de extrema necesidad.<\/p>\n\n\n\n<p>Por una parte, la empresa contin\u00faa con las pr\u00e1cticas fraudulentas que la caracterizan, perfectamente consciente de estar actuando en contra de la ley. Por otra parte, Inspecci\u00f3n de Trabajo, pese a que LAB viene insistiendo en que no se abandone a estos trabajadores y trabajadoras, se ha desentendido completamente de los expedientes que inici\u00f3 en su d\u00eda. La falta de cotizaciones por parte de la empresa est\u00e1 ocasionando perjuicios, en muchas ocasiones irreversibles, siendo tanto empresa como Inspecci\u00f3n de trabajo responsables directos a d\u00eda de hoy.<\/p>\n\n\n\n<p>Por todo ello, LAB, en caso de que no tomarse medidas a un corto plazo, explorar\u00e1 las posibles v\u00edas jur\u00eddicas para dirimir responsabilidades y resarcir a los y las trabajadoras afectadas.<\/p>\n","protected":false},"excerpt":{"rendered":"<p>La empresa contin\u00faa con las pr\u00e1cticas fraudulentas que la caracterizan, perfectamente consciente de estar actuando en contra de la ley.<\/p>\n","protected":false},"author":1189,"featured_media":48420,"comment_status":"closed","ping_status":"closed","sticky":false,"template":"","format":"standard","meta":{"_monsterinsights_skip_tracking":false,"_monsterinsights_sitenote_active":false,"_monsterinsights_sitenote_note":"","_monsterinsights_sitenote_category":0,"footnotes":"","_links_to":"","_links_to_target":""},"categories":[18,8],"tags":[3033,3178,3172],"class_list":{"0":"post-48422","1":"post","2":"type-post","3":"status-publish","4":"format-standard","5":"has-post-thumbnail","7":"category-es-accion-sindical","8":"category-es-servicios-privados","9":"tag-accion-sindical-es","10":"tag-destacado-1","11":"tag-servicios-privados-es"},"_links":{"self":[{"href":"https:\/\/www.lab.eus\/es\/wp-json\/wp\/v2\/posts\/48422","targetHints":{"allow":["GET"]}}],"collection":[{"href":"https:\/\/www.lab.eus\/es\/wp-json\/wp\/v2\/posts"}],"about":[{"href":"https:\/\/www.lab.eus\/es\/wp-json\/wp\/v2\/types\/post"}],"author":[{"embeddable":true,"href":"https:\/\/www.lab.eus\/es\/wp-json\/wp\/v2\/users\/1189"}],"replies":[{"embeddable":true,"href":"https:\/\/www.lab.eus\/es\/wp-json\/wp\/v2\/comments?post=48422"}],"version-history":[{"count":0,"href":"https:\/\/www.lab.eus\/es\/wp-json\/wp\/v2\/posts\/48422\/revisions"}],"wp:featuredmedia":[{"embeddable":true,"href":"https:\/\/www.lab.eus\/es\/wp-json\/wp\/v2\/media\/48420"}],"wp:attachment":[{"href":"https:\/\/www.lab.eus\/es\/wp-json\/wp\/v2\/media?parent=48422"}],"wp:term":[{"taxonomy":"category","embeddable":true,"href":"https:\/\/www.lab.eus\/es\/wp-json\/wp\/v2\/categories?post=48422"},{"taxonomy":"post_tag","embeddable":true,"href":"https:\/\/www.lab.eus\/es\/wp-json\/wp\/v2\/tags?post=48422"}],"curies":[{"name":"wp","href":"https:\/\/api.w.org\/{rel}","templated":true}]}}