{"id":48201,"date":"2022-06-01T09:41:40","date_gmt":"2022-06-01T09:41:40","guid":{"rendered":"https:\/\/www.lab.eus\/?p=48201"},"modified":"2022-06-01T13:22:02","modified_gmt":"2022-06-01T13:22:02","slug":"hemos-ganado-el-juicio-en-tekniker-lortudugu","status":"publish","type":"post","link":"https:\/\/www.lab.eus\/es\/hemos-ganado-el-juicio-en-tekniker-lortudugu\/","title":{"rendered":"Hemos ganado el juicio en Tekniker #LortuDugu"},"content":{"rendered":"\n<p>Los y las 280 trabajadoras de Tekniker, centro tecnol\u00f3gico ubicado en Eibar, tendr\u00e1n un incremento del IPC en aplicaci\u00f3n del convenio del metal de Gipuzkoa. As\u00ed lo ha determinado el Tribunal de lo Social de Eibar en la sentencia que acabamos de conocer.<\/p>\n\n\n\n<p>Las secciones sindicales con representaci\u00f3n en Tekniker (9 representantes de LAB y 4 de ELA) presentamos una denuncia porque, estando el convenio colectivo de Tekniker en situaci\u00f3n de ultraactividad, la empresa no quer\u00eda aplicar el incremento del IPC acordado en el convenio del metal de Gipuzkoa. La sentencia nos da la raz\u00f3n, por lo que los y las trabajadoras tendr\u00e1n un incremento del IPC. Para LAB, la sentencia que acabamos de conocer es verdaderamente importante y positiva, pues es aplicable a otras tantas empresas y refuerza la protecci\u00f3n que emana de los convenios sectoriales.<\/p>\n\n\n\n<p>Adem\u00e1s, queremos denunciar que el Consorcio para la Investigaci\u00f3n y el Desarrollo BRTA (Basque Research Technology and Alliance) al que pertenece Tekniker, en lugar de invertir en los y las trabajadores y en su conocimiento, est\u00e1 aplicando recortes, como es el caso de Tekniker, donde pretend\u00eda no actualizar los salarios seg\u00fan el IPC.<\/p>\n\n\n\n<p>Hacemos un llamamiento al Gobierno Vasco para que deje de hacer su publicidad excesiva y haga una apuesta real por la Ciencia y la Tecnolog\u00eda y mejore las condiciones laborales de los y las trabajadoras del Consorcio BRTA, ya que es la mejor aportaci\u00f3n que puede realizar a la competitividad de la industria.<\/p>\n","protected":false},"excerpt":{"rendered":"<p>Los y las 280 trabajadoras de Tekniker, centro tecnol\u00f3gico ubicado en Eibar, tendr\u00e1n un incremento del IPC en aplicaci\u00f3n del convenio del metal de Gipuzkoa. Para LAB, la sentencia que acabamos de conocer es verdaderamente importante y positiva, pues es aplicable a otras tantas empresas y refuerza la protecci\u00f3n que emana de los convenios sectoriales.<\/p>\n","protected":false},"author":1189,"featured_media":48203,"comment_status":"closed","ping_status":"closed","sticky":false,"template":"","format":"standard","meta":{"_monsterinsights_skip_tracking":false,"_monsterinsights_sitenote_active":false,"_monsterinsights_sitenote_note":"","_monsterinsights_sitenote_category":0,"footnotes":"","_links_to":"","_links_to_target":""},"categories":[18,2868,108],"tags":[3033,3179,2996,3064],"class_list":{"0":"post-48201","1":"post","2":"type-post","3":"status-publish","4":"format-standard","5":"has-post-thumbnail","7":"category-es-accion-sindical","8":"category-industria-es","9":"category-es-metal","10":"tag-accion-sindical-es","11":"tag-destacado-2","12":"tag-industria-es","13":"tag-metal-es"},"_links":{"self":[{"href":"https:\/\/www.lab.eus\/es\/wp-json\/wp\/v2\/posts\/48201","targetHints":{"allow":["GET"]}}],"collection":[{"href":"https:\/\/www.lab.eus\/es\/wp-json\/wp\/v2\/posts"}],"about":[{"href":"https:\/\/www.lab.eus\/es\/wp-json\/wp\/v2\/types\/post"}],"author":[{"embeddable":true,"href":"https:\/\/www.lab.eus\/es\/wp-json\/wp\/v2\/users\/1189"}],"replies":[{"embeddable":true,"href":"https:\/\/www.lab.eus\/es\/wp-json\/wp\/v2\/comments?post=48201"}],"version-history":[{"count":0,"href":"https:\/\/www.lab.eus\/es\/wp-json\/wp\/v2\/posts\/48201\/revisions"}],"wp:featuredmedia":[{"embeddable":true,"href":"https:\/\/www.lab.eus\/es\/wp-json\/wp\/v2\/media\/48203"}],"wp:attachment":[{"href":"https:\/\/www.lab.eus\/es\/wp-json\/wp\/v2\/media?parent=48201"}],"wp:term":[{"taxonomy":"category","embeddable":true,"href":"https:\/\/www.lab.eus\/es\/wp-json\/wp\/v2\/categories?post=48201"},{"taxonomy":"post_tag","embeddable":true,"href":"https:\/\/www.lab.eus\/es\/wp-json\/wp\/v2\/tags?post=48201"}],"curies":[{"name":"wp","href":"https:\/\/api.w.org\/{rel}","templated":true}]}}