{"id":48196,"date":"2022-06-01T11:47:54","date_gmt":"2022-06-01T11:47:54","guid":{"rendered":"https:\/\/www.lab.eus\/?p=48196"},"modified":"2022-06-01T11:47:55","modified_gmt":"2022-06-01T11:47:55","slug":"nos-sumamos-a-la-movilizacion-convocada-por-ernai-para-el-sabado-porque-la-lucha-por-una-vida-digna-debe-ser-apoyada-y-reforzada","status":"publish","type":"post","link":"https:\/\/www.lab.eus\/es\/nos-sumamos-a-la-movilizacion-convocada-por-ernai-para-el-sabado-porque-la-lucha-por-una-vida-digna-debe-ser-apoyada-y-reforzada\/","title":{"rendered":"Nos sumamos a la movilizaci\u00f3n convocada por Ernai para el s\u00e1bado, porque la lucha por una vida digna debe ser apoyada y reforzada"},"content":{"rendered":"\n<p>Ernai se manifestar\u00e1 el pr\u00f3ximo 4 de junio en Bilbao, a las 17:30 horas, desde la Plaza El\u00edptica, para denunciar el montaje contra 7 j\u00f3venes que ser\u00e1n juzgados y reivindicar que la lucha juvenil merece la pena. LAB se adhiere a la convocatoria y llama a su militancia a participar en ella porque considera que la lucha por una vida digna es algo que hay que apoyar.<\/p>\n\n\n\n<p>La juventud luchan por su futuro en la misma medida en que las y los trabajadores luchan por sus empleos, condiciones de trabajo y vidas dignas. Y el juicio al que se enfrentan 7 integrantes de Ernai debe entenderse en el contexto de criminalizaci\u00f3n de la lucha que estamos viviendo. Hace unos meses, el Gobierno Vasco pidi\u00f3 a la fiscal\u00eda que investigara si los mensajes de Ernai eran constitutivos de un delito de odio, tratando de poner de camino a los tribunales a algunos y algunas representantes de Ernai. Es una decisi\u00f3n que denunciamos firmemente desde LAB y expresamos todo nuestro apoyo y solidaridad a Ernai, y ahora tambi\u00e9n quisi\u00e9ramos manifestar otro tanto. Entonces se\u00f1alamos que todo esto deb\u00eda entenderse en el marco de la pol\u00edtica de criminalizaci\u00f3n de la juventud vasca que lleva este Gobierno.<\/p>\n\n\n\n<p>Aqu\u00ed el problema de fondo es la situaci\u00f3n de juventud. La situaci\u00f3n que viven las y los j\u00f3venes se est\u00e1 volviendo insostenible, est\u00e1n en situaci\u00f3n de emergencia, tal y como ha denunciado la propia Ernai. La juventud m\u00e1s preparada tiene un negro futuro, un tercio de la misma est\u00e1 en paro, tienen salarios de miseria o se les vulnera el derecho a la vivienda.<\/p>\n\n\n\n<p>Mientras tanto, el Gobierno Vasco gobierna en beneficio de las \u00e9lites econ\u00f3micas, poniendo alfombra roja a la patronal para seguir profundizando en la precarizaci\u00f3n. El poder legislativo, judicial y policial; todo se quiere utilizar para velar por los intereses de la patronal.<\/p>\n\n\n\n<p>Este sistema no tiene soluciones dignas para la juventud. Tampoco para quienes est\u00e1n defendiendo el empleo. No hay pol\u00edticas p\u00fablicas de empleo, del mismo modo que no se apuesta por reforzar los servicios p\u00fablicos.<\/p>\n\n\n\n<p>En lugar de garantizar una vida digna a la ciudadan\u00eda, a j\u00f3venes, pensionistas, trabajadoras o mujeres, el Gobierno Vasco pretende eliminar toda protesta sindical y social y hemos visto a la Ertzaintza actuando de forma agresiva y con una violencia desproporcionada contra sindicalistas y j\u00f3venes. Este juicio contra las y los integrantes de Ernai responde a la misma l\u00f3gica.<\/p>\n\n\n\n<p>En este pa\u00eds la mayor\u00eda sindical y social ha realizado una fuerte apuesta por la transformaci\u00f3n social, los cambios pol\u00edticos y un futuro digno. Son numerosas las din\u00e1micas sindicales y sociales que est\u00e1n abiertas. LAB se reafirma en su compromiso de ser compa\u00f1era de viaje de Ernai en las mismas.<\/p>\n","protected":false},"excerpt":{"rendered":"<p>Ernai se manifestar\u00e1 el 4 de junio en Bilbao, a las 17:30 horas, desde la Plaza El\u00edptica, para denunciar el montaje contra 7 j\u00f3venes que ser\u00e1n juzgados y reivindicar que la lucha juvenil merece la pena. <\/p>\n","protected":false},"author":1189,"featured_media":48194,"comment_status":"closed","ping_status":"closed","sticky":false,"template":"","format":"standard","meta":{"_monsterinsights_skip_tracking":false,"_monsterinsights_sitenote_active":false,"_monsterinsights_sitenote_note":"","_monsterinsights_sitenote_category":0,"footnotes":"","_links_to":"","_links_to_target":""},"categories":[3402,3301],"tags":[3178,3231],"class_list":{"0":"post-48196","1":"post","2":"type-post","3":"status-publish","4":"format-standard","5":"has-post-thumbnail","7":"category-accion-politica","8":"category-euskal-herria-es-2","9":"tag-destacado-1","10":"tag-euskal-herria-es"},"_links":{"self":[{"href":"https:\/\/www.lab.eus\/es\/wp-json\/wp\/v2\/posts\/48196","targetHints":{"allow":["GET"]}}],"collection":[{"href":"https:\/\/www.lab.eus\/es\/wp-json\/wp\/v2\/posts"}],"about":[{"href":"https:\/\/www.lab.eus\/es\/wp-json\/wp\/v2\/types\/post"}],"author":[{"embeddable":true,"href":"https:\/\/www.lab.eus\/es\/wp-json\/wp\/v2\/users\/1189"}],"replies":[{"embeddable":true,"href":"https:\/\/www.lab.eus\/es\/wp-json\/wp\/v2\/comments?post=48196"}],"version-history":[{"count":0,"href":"https:\/\/www.lab.eus\/es\/wp-json\/wp\/v2\/posts\/48196\/revisions"}],"wp:featuredmedia":[{"embeddable":true,"href":"https:\/\/www.lab.eus\/es\/wp-json\/wp\/v2\/media\/48194"}],"wp:attachment":[{"href":"https:\/\/www.lab.eus\/es\/wp-json\/wp\/v2\/media?parent=48196"}],"wp:term":[{"taxonomy":"category","embeddable":true,"href":"https:\/\/www.lab.eus\/es\/wp-json\/wp\/v2\/categories?post=48196"},{"taxonomy":"post_tag","embeddable":true,"href":"https:\/\/www.lab.eus\/es\/wp-json\/wp\/v2\/tags?post=48196"}],"curies":[{"name":"wp","href":"https:\/\/api.w.org\/{rel}","templated":true}]}}