{"id":48109,"date":"2022-05-26T11:47:00","date_gmt":"2022-05-26T11:47:00","guid":{"rendered":"https:\/\/www.lab.eus\/?p=48109"},"modified":"2022-05-27T11:50:07","modified_gmt":"2022-05-27T11:50:07","slug":"fvem-apuesta-por-el-conflicto-en-el-metal-de-bizkaia","status":"publish","type":"post","link":"https:\/\/www.lab.eus\/es\/fvem-apuesta-por-el-conflicto-en-el-metal-de-bizkaia\/","title":{"rendered":"FVEM apuesta por el conflicto en el metal de Bizkaia"},"content":{"rendered":"\n<p>Hoy jueves 26 de mayo se ha celebrado la octava reuni\u00f3n de la mesa negociadora del convenio del metal de Bizkaia. Hoy era el d\u00eda para que la patronal del metal de Bizkaia respondiera a la <a href=\"https:\/\/www.lab.eus\/es\/ya-lo-hicimos-en-2019-y-si-es-necesario-hacerlo-lo-volveremos-a-hacer\/\">plataforma conjunta presentada por todos los sindicatos<\/a> del sector el 16 de mayo. Una plataforma conjunta que se present\u00f3 con el \u00e1nimo de desbloquear la mesa y dar una oportunidad a la negociaci\u00f3n. Por desgracia, nos hemos vuelto a encontrar con m\u00e1s de lo mismo, o a\u00fan peor. Adem\u00e1s de responder negativamente a todas y cada una de nuestras peticiones, solicita una vigencia de 3 a\u00f1os (hasta ahora 2) , sigue con unas subidas raqu\u00edticas que est\u00e1n muy por debajo del IPC (2,75%, 2,5% y 2% respectivamente para los a\u00f1os 2022, 2023 y 2024). Adem\u00e1s, la patronal quiere quitar el art\u00edculo de la garant\u00eda m\u00ednima, que es el que garantiza subidas a los miles de trabajadores y trabajadoras que tienen salarios superiores a las tablas m\u00ednimas del metal de Bizkaia, pero que carecen de capacidad de negociaci\u00f3n colectiva (muchos de ellos y ellas de empresas peque\u00f1as), quiere ampliar a\u00fan m\u00e1s la flexibilidad situ\u00e1ndola en 160 horas, empeorar el pago de las bajas&#8230; todo ello en un a\u00f1o en el que, digan lo que digan, ser\u00e1 un buen a\u00f1o para el sector, como ha manifestado p\u00fablicamente el FVEM en diferentes ocasiones.<\/p>\n\n\n\n<figure class=\"wp-block-embed is-type-video is-provider-youtube wp-block-embed-youtube wp-embed-aspect-16-9 wp-has-aspect-ratio\"><div class=\"wp-block-embed__wrapper\">\n<div class=\"youtube-embed\" data-video_id=\"zRvVw9NJqOw\"><iframe loading=\"lazy\" title=\"Bizkaiko Metalgintzako Hitzarmenaren negoziazio-mahaiaren 8. bilera\" width=\"696\" height=\"392\" src=\"https:\/\/www.youtube.com\/embed\/zRvVw9NJqOw?feature=oembed&#038;enablejsapi=1\" frameborder=\"0\" allow=\"accelerometer; autoplay; clipboard-write; encrypted-media; gyroscope; picture-in-picture\" allowfullscreen><\/iframe><\/div>\n<\/div><\/figure>\n\n\n\n<p>El FVEM ha tenido 10 d\u00edas para analizar nuestra plataforma y traer una propuesta que posibilitara avances en la negociaci\u00f3n del convenio m\u00e1s importante del \u00e1mbito privado de Euskal Herria, que afecta a m\u00e1s de 50.000 trabajadores y trabajadoras. Con su respuesta a la plataforma de los sindicatos, la patronal, en vez de avanzar, ha decidido dinamitar cualquier posibilidad de acuerdo, declarando la guerra a los trabajadores y trabajadoras del sector. Solo as\u00ed se puede entender tama\u00f1o desprop\u00f3sito. Nos quieren m\u00e1s pobres y con menos derechos.<\/p>\n\n\n\n<p>Desde LAB tenemos claro que seguimos apostando por un frente unido de todos los sindicatos y trabajadores y trabajadoras del sector. Lo que nos niegan en la mesa lo conseguiremos desde las empresas y desde la calle. Con compromiso, organizaci\u00f3n y lucha. No vamos a abandonar a su suerte a los miles de trabajadores y trabajadoras del sector. Si quieren negociar, negociaremos, y si nos quieren abocar al conflicto, responderemos. Lo hicimos el 2019 y lo volveremos a hacer ahora,<\/p>\n\n\n\n<p>Durante las siguientes semanas seguiremos moviliz\u00e1ndonos, activando el conflicto empresa por empresa, y apuntando a las y los responsables verdaderos y directos de este bloqueo.<\/p>\n\n\n\n<p>Por un convenio justo para el metal de Bizkaia.<\/p>\n","protected":false},"excerpt":{"rendered":"<p>Se ha celebrado la octava reuni\u00f3n de la mesa negociadora, d\u00eda para que la patronal respondiera a la plataforma conjunta presentada por todos los sindicatos del sector el 16 de mayo.<\/p>\n","protected":false},"author":1189,"featured_media":47513,"comment_status":"closed","ping_status":"closed","sticky":false,"template":"","format":"video","meta":{"_monsterinsights_skip_tracking":false,"_monsterinsights_sitenote_active":false,"_monsterinsights_sitenote_note":"","_monsterinsights_sitenote_category":0,"footnotes":"","_links_to":"","_links_to_target":""},"categories":[18,2868,108],"tags":[3033,3178,2996,3064],"class_list":{"0":"post-48109","1":"post","2":"type-post","3":"status-publish","4":"format-video","5":"has-post-thumbnail","7":"category-es-accion-sindical","8":"category-industria-es","9":"category-es-metal","10":"tag-accion-sindical-es","11":"tag-destacado-1","12":"tag-industria-es","13":"tag-metal-es","14":"post_format-post-format-video"},"_links":{"self":[{"href":"https:\/\/www.lab.eus\/es\/wp-json\/wp\/v2\/posts\/48109","targetHints":{"allow":["GET"]}}],"collection":[{"href":"https:\/\/www.lab.eus\/es\/wp-json\/wp\/v2\/posts"}],"about":[{"href":"https:\/\/www.lab.eus\/es\/wp-json\/wp\/v2\/types\/post"}],"author":[{"embeddable":true,"href":"https:\/\/www.lab.eus\/es\/wp-json\/wp\/v2\/users\/1189"}],"replies":[{"embeddable":true,"href":"https:\/\/www.lab.eus\/es\/wp-json\/wp\/v2\/comments?post=48109"}],"version-history":[{"count":0,"href":"https:\/\/www.lab.eus\/es\/wp-json\/wp\/v2\/posts\/48109\/revisions"}],"wp:featuredmedia":[{"embeddable":true,"href":"https:\/\/www.lab.eus\/es\/wp-json\/wp\/v2\/media\/47513"}],"wp:attachment":[{"href":"https:\/\/www.lab.eus\/es\/wp-json\/wp\/v2\/media?parent=48109"}],"wp:term":[{"taxonomy":"category","embeddable":true,"href":"https:\/\/www.lab.eus\/es\/wp-json\/wp\/v2\/categories?post=48109"},{"taxonomy":"post_tag","embeddable":true,"href":"https:\/\/www.lab.eus\/es\/wp-json\/wp\/v2\/tags?post=48109"}],"curies":[{"name":"wp","href":"https:\/\/api.w.org\/{rel}","templated":true}]}}